{"id":676,"date":"2012-02-09T14:24:56","date_gmt":"2012-02-09T13:24:56","guid":{"rendered":"http:\/\/dietenberger.de\/blog\/?p=676"},"modified":"2012-02-10T11:26:05","modified_gmt":"2012-02-10T10:26:05","slug":"polizei-bereitet-bevolkerung-auf-d-day-teil-2-vor","status":"publish","type":"post","link":"https:\/\/dietenberger.de\/blog\/2012\/02\/09\/polizei-bereitet-bevolkerung-auf-d-day-teil-2-vor\/","title":{"rendered":"Polizei bereitet Bev\u00f6lkerung auf D-Day Teil 2 vor"},"content":{"rendered":"<p>Wie bisher bei jedem Polizeieinsatz ist auch diesmal nahezu alles \u00fcber die Vorbereitungen und vor allem zu dem <a href=\"http:\/\/www.bei-abriss-aufstand.de\/2012\/02\/07\/aktuelle-lageeinschatzung-stand-07-02-1445-uhr\/\" target=\"_blank\">geheimgehaltenen Termin<\/a> durchgedrungen.<br \/>\nDas Polizeipr\u00e4sidium Stuttgart ist nun wieder einmal in einer Zwickm\u00fchle; Den Einsatz verschieben, oder einfach durchziehen. Verschieben geht praktisch nicht, da der Polizei die Bahn und die bald beginnende Vegetationsperiode im Nacken sitzen. Also hei\u00dft es auch bei diesem Mal wieder: Katz und Maus spielen.<\/p>\n<p>Das Polizeipr\u00e4sidium Stuttgart versucht nun in einem ersten Schritt mit Hilfe von Pressemitteilungen die Gegner wieder einmal zu kriminalisieren. Man verspricht sich scheinbar davon m\u00f6glichst viele Gegner vor einer Teilnahme an Aktionen des <a href=\"http:\/\/de.wikipedia.org\/wiki\/Ziviler_Ungehorsam\" target=\"_blank\">zivilen Ungehorsams<\/a> abzuhalten, ja gar einzusch\u00fcchtern!<\/p>\n<p><strong>Ziviler Ungehorsam als solcher ist im deutschen Recht weder eine Ordnungswidrigkeit noch ein Straftatbestand! <!--more--><\/strong><\/p>\n<p>Wie sich das in einer Pressemitteilung des Polizeipr\u00e4sidium Stuttgart vom 9.2.12 anh\u00f6rt sei hier kurz aufgef\u00fchrt. Besonders sei auf die Wortwohl zu achten!<\/p>\n<p>Schon die \u00dcberschrift soll Angst machen:<br \/>\n<em>\u00a0&#8222;Deutlich gestiegene Emotionen sowie <strong>Radikalisierung<\/strong> bei Teilen der\u00a0\u00a0 Projektgegner erschweren das Deeskalationsprinzip der Polizei und erfordern eine <strong>Anpassung<\/strong> des Einsatzkonzeptes&#8220;<\/em><br \/>\nHier wird wegen der (verst\u00e4ndlicher Weise) erh\u00f6hten Emotionen (es geht um uralte, gesunde B\u00e4ume) quasi angek\u00fcndigt von einem friedlichen Einsatz abzusehen und eine h\u00e4rtere Gangart einzuschlagen.<\/p>\n<p>Kurz darauf folgt ein Zitat des Polizeipr\u00e4sidenten Thomas Z\u00fcfle indem er direkt die Parksch\u00fctzer anspricht:<br \/>\n<em>\u00a0 &#8222;In einschl\u00e4gigen Internetforen, allen voran auf der Seite der Parksch\u00fctzer, aber auch auf der Stra\u00dfe, ist eine Abkehr von rechtsstaatlich <strong>tolerablen<\/strong> Widerstandsformen und der Aufruf hin zu mehr <strong>H\u00e4rte<\/strong> feststellbar&#8220;<\/em><br \/>\nDas Selbe k\u00f6nnte man auch von manch Facebook-Posting der\u00a0 sogenannten &#8222;Bef\u00fcrwortern&#8220; sagen, macht er aber bewu\u00dft nicht.<\/p>\n<p>Lediglich mit diesem Satz hat das Polizeipr\u00e4sidium in ihrer Pressemitteilung absolut recht:<br \/>\n<em> &#8222;Mit Blick auf einen friedlichen Einsatzverlauf sei die hohe Emotionalisierung von gro\u00dfen Teilen der Projektgegner ein nicht zu untersch\u00e4tzender Risikofaktor.&#8220;<\/em><\/p>\n<p>Hier ist die Einsch\u00fcchterung aber lange nicht an ihrem H\u00f6hepunkt angelangt. Nun wird in zwei gro\u00dfen Abs\u00e4tzen an sogenannten &#8222;Beispielen&#8220; vorgef\u00fchrt welch kriminelle Energie die Gegner des Milliardengrabes Stuttgart 21 haben:<br \/>\n<em> &#8222;Am Donnerstag, dem 26.01.2012, gegen 18.30 Uhr, wurden zwei uniformierte Polizeibeamte im Umfeld einer Versammlung im Mittleren Schlossgarten von etwa 50 Teilnehmern beleidigt, bedr\u00e4ngt, geschubst und zum Zur\u00fcckweichen gezwungen.&#8220; <\/em><br \/>\nJa, unsere Polizei ist echt arm drann, jetzt wird sie schon geschubbst. Fr\u00fcher wurde sie wenigstens nur bespuckt. L\u00e4cherliche Vorw\u00fcrfe wenn mann seit Anfang an dabei ist und auch Auseinandersetzungen in anderen St\u00e4dten wie Hamburg oder Berlin kennt.<\/p>\n<p>Weiter gehts, dabei ist das Beispiel weniger wichtig, vielmehr auch hier die Wortwahl:<br \/>\n<em>\u00a0&#8222;\u00dcberheblichkeit und einem zutiefst <strong>antidemokratischen Verhalten<\/strong> &#8230; Beamte, die ausgestiegen waren, sind von der Menge bedr\u00e4ngt, beleidigt und geschubst worden. Ob der zahlenm\u00e4\u00dfigen \u00dcbermacht und dem <strong>fanatischen Verhalten<\/strong> der Gegner haben sich die Beamten schlie\u00dflich zur\u00fcck gezogen.&#8220; <\/em><\/p>\n<p>Nachdem also hier den Gegnern Angst gemacht und der Bev\u00f6lkerung eingetrichtert werden soll wie gef\u00e4hrlich diese sind wendet man sich nun an die Autofahrer in Stuttgart:<br \/>\n<em> &#8222;Unbeteiligte Autofahrer und Linienbusse werden behindert &#8230; <\/em><span style=\"font-size: small;\"><span style=\"font-family: Arial;\"><em>Aufgebrachte Autofahrer mussten zum Teil von der Polizei beruhigt werden.&#8220;<\/em><br \/>\n<\/span><\/span>Hier sei lediglich erw\u00e4hnt das es nicht so schlimm gewesen sein kann, wenn die Polizei lediglich beruhigend auf die Verkehrsteilnehmer einwirken mu\u00dfte. Also waren die Gegner ja friedlich!<\/p>\n<p>Nein, wir sind immer noch nicht am H\u00f6hepunkt angekommen. Bei dieser \u00dcberschrift mu\u00dfte ich lachen:<br \/>\n<em>&#8222;Antikonfliktteams werden nicht mehr geh\u00f6rt&#8220;<\/em><br \/>\nJetzt geben die sich schon solche M\u00fche, stellen extra leuchtende Hinweise auf, h\u00e4ngen Transparente auf und haben sich eine Laufschriftanzeige an ihren Lautsprecherwagen gekauft mit Hinweisen wo man einen Polizeikessel verlassen darf etc. und trotzdem m\u00f6chte niemand mit denen spielen. Es hilft halt nicht einfach nur ein blaues oder gelbes Westle \u00fcber zu ziehen um dann von sich behaupten zu k\u00f6nnen man sei ein sogenanntes &#8222;Antikonfliktteam&#8220;. Besonders nicht, wenn man die Gesichter ohne das Westle bei Eins\u00e4tzen ganz anders kennen lernen konnte&#8230;<br \/>\nDie Gegner haben f\u00fcr solche F\u00e4lle \u00fcbrigens extra geschulte Mitstreiter, die bei Aktionen f\u00fcr den Polizeikontakt zust\u00e4ndig sind.<\/p>\n<p>Es geht immer noch weiter:<br \/>\n<em>\u00a0&#8222;Teile der Projektgegner, so die Erkenntnisse der Polizei, bereiten sich akribisch auf den Widerstand gegen die R\u00e4umung des Mittleren Schlossgartens vor&#8220;<\/em><br \/>\nGleiches Recht f\u00fcr alle! Die Polizei bereitet sich ja auch vor.<br \/>\n<em>&#8222;Der \u201e<strong>Verteidigungswille<\/strong>\u201c f\u00fcr das Lager ist in den einschl\u00e4gigen sozialen Netzwerken vielf\u00e4ltig&#8230;&#8220;<\/em><br \/>\nUnser Widerstand ist und war schon immer vielf\u00e4ltig!<br \/>\nW\u00fcrde man sich auf so etwas im Widerstand nicht vorbereiten, w\u00e4re beispielsweise sicherlich auch das <a href=\"http:\/\/vorort.bund.net\/suedlicher-oberrhein\/wyhl-chronik.html\" target=\"_blank\">AKW Wyhl<\/a> gebaut worden. Auch hier konnte das nur durch andauernden zivilen Ungehorsam erreicht werden.<\/p>\n<p>Zum Ende der Pressemitteilung spricht das Polizeipr\u00e4sidium Stuttgart dann noch folgendes:<br \/>\n<em>&#8222;Verrohung der Sprache&#8220;<\/em><br \/>\nNaja, wer im Glashaus sitzt&#8230; (siehe diese Pressemitteilung, den Begriff D-Day, etc.)<br \/>\n<em>\u00a0&#8222;Die Schlussfolgerung eines erfahrenen und <strong>in zahlreichen Stuttgart 21-Eins\u00e4tzen erprobten Einsatzbeamten<\/strong> lautete dieser Tage: \u201eAus manchen Wutb\u00fcrgern sind Hassb\u00fcrger geworden\u201c.<\/em>&#8220;<br \/>\nDa hat scheinbar mindestens ein Polizeibeamter einmal eine richtige Lageeinsch\u00e4tzung abgegeben.<\/p>\n<p>Eigentlich wollte ich nur kurz etwas zu dieser sogenannten &#8222;Pressemitteilung&#8220; schreiben und nun ist es doch mehr geworden.<\/p>\n<p>Ich versuch ja immer die Polizei irgendwie zu verstehen und deren Handeln zu verstehen, doch leider gelingt mir das mit dem Hintergrund Stuttgart 21 immer weniger.<\/p>\n<p>Es ist zwar relativ plump und pauschalisiert zu stark, jedoch kann ich immer mehr diesen Ausdruck verstehen:<br \/>\n<a href=\"https:\/\/i0.wp.com\/dietenberger.de\/blog\/wp-content\/uploads\/2012\/02\/IMGP0532.jpg?ssl=1\"><img data-recalc-dims=\"1\" loading=\"lazy\" decoding=\"async\" data-attachment-id=\"688\" data-permalink=\"https:\/\/dietenberger.de\/blog\/2012\/02\/09\/polizei-bereitet-bevolkerung-auf-d-day-teil-2-vor\/imgp0532\/\" data-orig-file=\"https:\/\/i0.wp.com\/dietenberger.de\/blog\/wp-content\/uploads\/2012\/02\/IMGP0532.jpg?fit=600%2C399&amp;ssl=1\" data-orig-size=\"600,399\" data-comments-opened=\"1\" data-image-meta=\"{&quot;aperture&quot;:&quot;0&quot;,&quot;credit&quot;:&quot;&quot;,&quot;camera&quot;:&quot;&quot;,&quot;caption&quot;:&quot;&quot;,&quot;created_timestamp&quot;:&quot;0&quot;,&quot;copyright&quot;:&quot;&quot;,&quot;focal_length&quot;:&quot;0&quot;,&quot;iso&quot;:&quot;0&quot;,&quot;shutter_speed&quot;:&quot;0&quot;,&quot;title&quot;:&quot;&quot;}\" data-image-title=\"ACAB\" data-image-description=\"\" data-image-caption=\"\" data-large-file=\"https:\/\/i0.wp.com\/dietenberger.de\/blog\/wp-content\/uploads\/2012\/02\/IMGP0532.jpg?fit=600%2C399&amp;ssl=1\" class=\"aligncenter size-medium wp-image-688\" title=\"ACAB\" src=\"https:\/\/i0.wp.com\/dietenberger.de\/blog\/wp-content\/uploads\/2012\/02\/IMGP0532.jpg?resize=300%2C199&#038;ssl=1\" alt=\"\" width=\"300\" height=\"199\" srcset=\"https:\/\/i0.wp.com\/dietenberger.de\/blog\/wp-content\/uploads\/2012\/02\/IMGP0532.jpg?resize=300%2C199&amp;ssl=1 300w, https:\/\/i0.wp.com\/dietenberger.de\/blog\/wp-content\/uploads\/2012\/02\/IMGP0532.jpg?w=600&amp;ssl=1 600w\" sizes=\"auto, (max-width: 300px) 100vw, 300px\" \/><\/a><br \/>\nDie ganze Pressemitteilung gibt es <a href=\"http:\/\/presse.polizei-bwl.de\/_layouts\/Pressemitteilungen\/DisplayPressRelease.aspx?List=7fba1b0b-2ee1-4630-8ac3-37b4deea650e&amp;Id=21889\" target=\"_blank\">hier<\/a> nachzulesen.<\/p>\n<p><strong>Update, 20:15 Uhr:\u00a0<\/strong><br \/>\nAuch ein toller Bericht dazu bei <a href=\"http:\/\/zwuckelmann.posterous.com\/922012-s21-die-polizei-rechtfertigt-schon-jet\" target=\"_blank\">Zwuckelmanns Meinung<br \/>\n<\/a><strong>Update, 10.2. 11:20 Uhr:<\/strong><br \/>\nDie Polizei setzt heute ihrer Pressemitteilung von gestern noch eines drauf!<br \/>\nBei der heutigen friedlichen Aktion der S21 Gegner wurde ein Teilnehmer wegen &#8222;<a href=\"http:\/\/www.bei-abriss-aufstand.de\/2012\/02\/10\/presseerklarung-polizist-von-wasserpistole-erschossen\/\" target=\"_blank\">schwerer K\u00f6rperverletzung mittels einer Wasserpistole<\/a>&#8220;\u00a0erkennungsdienstlich behandelt.<br \/>\nInteressant ist ja, dass am Schwarzen Donnerstag kein F\u00fchrer der Wasserwerfer f\u00fcr das gleiche &#8222;Vergehen&#8220; in irgend einer Form geahndet wurde&#8230;<\/p>\n","protected":false},"excerpt":{"rendered":"<p>Wie bisher bei jedem Polizeieinsatz ist auch diesmal nahezu alles \u00fcber die Vorbereitungen und vor allem zu dem geheimgehaltenen Termin durchgedrungen. Das Polizeipr\u00e4sidium Stuttgart ist nun wieder einmal in einer Zwickm\u00fchle; Den Einsatz verschieben, oder einfach durchziehen. Verschieben geht praktisch nicht, da der Polizei die Bahn und die bald beginnende Vegetationsperiode im Nacken sitzen. Also [&hellip;]<\/p>\n","protected":false},"author":1,"featured_media":0,"comment_status":"open","ping_status":"open","sticky":false,"template":"","format":"standard","meta":{"ngg_post_thumbnail":0,"jetpack_post_was_ever_published":false,"_jetpack_newsletter_access":"","_jetpack_dont_email_post_to_subs":false,"_jetpack_newsletter_tier_id":0,"_jetpack_memberships_contains_paywalled_content":false,"_jetpack_memberships_contains_paid_content":false,"footnotes":"","jetpack_publicize_message":"","jetpack_publicize_feature_enabled":true,"jetpack_social_post_already_shared":false,"jetpack_social_options":{"image_generator_settings":{"template":"highway","default_image_id":0,"font":"","enabled":false},"version":2}},"categories":[1],"tags":[68,74,34,9],"class_list":["post-676","post","type-post","status-publish","format-standard","hentry","category-allgemein","tag-deutsche-bahn-ag-db-ag","tag-polizei","tag-schlosgarten","tag-thomas-zufle-polizeiprasident-stuttgart"],"jetpack_publicize_connections":[],"jetpack_featured_media_url":"","jetpack_shortlink":"https:\/\/wp.me\/p1EwkB-aU","jetpack_sharing_enabled":true,"_links":{"self":[{"href":"https:\/\/dietenberger.de\/blog\/wp-json\/wp\/v2\/posts\/676","targetHints":{"allow":["GET"]}}],"collection":[{"href":"https:\/\/dietenberger.de\/blog\/wp-json\/wp\/v2\/posts"}],"about":[{"href":"https:\/\/dietenberger.de\/blog\/wp-json\/wp\/v2\/types\/post"}],"author":[{"embeddable":true,"href":"https:\/\/dietenberger.de\/blog\/wp-json\/wp\/v2\/users\/1"}],"replies":[{"embeddable":true,"href":"https:\/\/dietenberger.de\/blog\/wp-json\/wp\/v2\/comments?post=676"}],"version-history":[{"count":27,"href":"https:\/\/dietenberger.de\/blog\/wp-json\/wp\/v2\/posts\/676\/revisions"}],"predecessor-version":[{"id":708,"href":"https:\/\/dietenberger.de\/blog\/wp-json\/wp\/v2\/posts\/676\/revisions\/708"}],"wp:attachment":[{"href":"https:\/\/dietenberger.de\/blog\/wp-json\/wp\/v2\/media?parent=676"}],"wp:term":[{"taxonomy":"category","embeddable":true,"href":"https:\/\/dietenberger.de\/blog\/wp-json\/wp\/v2\/categories?post=676"},{"taxonomy":"post_tag","embeddable":true,"href":"https:\/\/dietenberger.de\/blog\/wp-json\/wp\/v2\/tags?post=676"}],"curies":[{"name":"wp","href":"https:\/\/api.w.org\/{rel}","templated":true}]}}