{"id":2064,"date":"2014-11-17T09:00:10","date_gmt":"2014-11-17T08:00:10","guid":{"rendered":"http:\/\/dietenberger.de\/blog\/?p=2064"},"modified":"2014-12-23T15:23:26","modified_gmt":"2014-12-23T14:23:26","slug":"der-bahn-ist-ihre-vergangenheit-unangenehm","status":"publish","type":"post","link":"https:\/\/dietenberger.de\/blog\/2014\/11\/17\/der-bahn-ist-ihre-vergangenheit-unangenehm\/","title":{"rendered":"-Update- Der Bahn ist ihre Vergangenheit unangenehm"},"content":{"rendered":"<p>Wenn es um die erfolgreiche Geschichte der Bahn in Deutschland geht, dann ist die Deutsche Bahn AG immer gerne ganz vorne dabei. So beispielsweise 2010 als man stolz \u201e<a href=\"http:\/\/www.deutschebahn.com\/de\/presse\/themendienste\/2238212\/175_jahre_eisenbahn.html\" target=\"_blank\">175 Jahre Eisenbahn in Deutschland<\/a>\u201c feierte.<\/p>\n<p><!--more--><\/p>\n<p>Geht es um die dunkle Flecken in ihrer Geschichte ist die Deutsche Bahn AG immer schnell dabei darauf hinzuweisen nicht Rechtsnachfolgerin der Reichsbahn zu sein (siehe <a href=\"http:\/\/www.spiegel.de\/politik\/deutschland\/ns-entschaedigungsfonds-deutsche-bahn-beteiligt-sich-a-60772.html\" target=\"_blank\">SPIEGEL 21.01.2000<\/a>).<br \/>\nFrei nach dem Pippilotta-Prinzip. Ich mach mir die Welt, wie sie mir gef\u00e4llt.<\/p>\n<div id=\"attachment_2082\" style=\"width: 610px\" class=\"wp-caption aligncenter\"><img data-recalc-dims=\"1\" loading=\"lazy\" decoding=\"async\" aria-describedby=\"caption-attachment-2082\" data-attachment-id=\"2082\" data-permalink=\"https:\/\/dietenberger.de\/blog\/2014\/11\/17\/der-bahn-ist-ihre-vergangenheit-unangenehm\/nazi-offiziere-ueberwachen-eine-deportation-im-jahr-1941\/\" data-orig-file=\"https:\/\/i0.wp.com\/dietenberger.de\/blog\/wp-content\/uploads\/2014\/11\/nazi-offiziere-ueberwachen-eine-deportation-im-jahr-1941.jpg?fit=600%2C338&amp;ssl=1\" data-orig-size=\"600,338\" data-comments-opened=\"1\" data-image-meta=\"{&quot;aperture&quot;:&quot;0&quot;,&quot;credit&quot;:&quot;&quot;,&quot;camera&quot;:&quot;&quot;,&quot;caption&quot;:&quot;&quot;,&quot;created_timestamp&quot;:&quot;0&quot;,&quot;copyright&quot;:&quot;&quot;,&quot;focal_length&quot;:&quot;0&quot;,&quot;iso&quot;:&quot;0&quot;,&quot;shutter_speed&quot;:&quot;0&quot;,&quot;title&quot;:&quot;&quot;,&quot;orientation&quot;:&quot;0&quot;}\" data-image-title=\"nazi-offiziere-ueberwachen-eine-deportation-im-jahr-1941\" data-image-description=\"\" data-image-caption=\"&lt;p&gt;Nazi Offiziere \u00fcberwachen eine Deportation 1941&lt;\/p&gt;\n\" data-large-file=\"https:\/\/i0.wp.com\/dietenberger.de\/blog\/wp-content\/uploads\/2014\/11\/nazi-offiziere-ueberwachen-eine-deportation-im-jahr-1941.jpg?fit=600%2C338&amp;ssl=1\" class=\"size-full wp-image-2082\" src=\"https:\/\/i0.wp.com\/dietenberger.de\/blog\/wp-content\/uploads\/2014\/11\/nazi-offiziere-ueberwachen-eine-deportation-im-jahr-1941.jpg?resize=600%2C338&#038;ssl=1\" alt=\"Nazi Offiziere \u00fcberwachen eine Deportation 1941\" width=\"600\" height=\"338\" srcset=\"https:\/\/i0.wp.com\/dietenberger.de\/blog\/wp-content\/uploads\/2014\/11\/nazi-offiziere-ueberwachen-eine-deportation-im-jahr-1941.jpg?w=600&amp;ssl=1 600w, https:\/\/i0.wp.com\/dietenberger.de\/blog\/wp-content\/uploads\/2014\/11\/nazi-offiziere-ueberwachen-eine-deportation-im-jahr-1941.jpg?resize=300%2C169&amp;ssl=1 300w\" sizes=\"auto, (max-width: 600px) 100vw, 600px\" \/><p id=\"caption-attachment-2082\" class=\"wp-caption-text\">Nazi Offiziere \u00fcberwachen eine Deportation 1941<\/p><\/div>\n<p>2008 konnte man dies in besch\u00e4mender Art und Weise live miterleben als es um den \u201e<strong>Zug der Erinnerung<\/strong>\u201c ging. Der damalige Bahnchef Mehdorn versuchte mit aller Macht den Zug zu verhindern. Als dies scheiterte versuchte man den Zug aber wenigstens von den gro\u00dfen Bahnh\u00f6fen fern zu halten indem man mit irrwitzigen Geb\u00fchren das Abstellen des Zuges verteuerte. Die <a href=\"http:\/\/www.zug-der-erinnerung.eu\/aktuell03-2009.html\" target=\"_blank\">Bahn wollte sogar der Presse die Berichterstattung einschr\u00e4nken<\/a>.<br \/>\nDazu wird in der <a href=\"http:\/\/www.taz.de\/!12992\/\" target=\"_blank\">taz vom 16.02.2008: &#8222;Zug der Erinnerung&#8220;<\/a> trotz Widerstand die offizielle Bahn Konzernhistorikerin folgenderma\u00dfen zitiert:<br \/>\n<em>\u201eTrocken schreibt Susanne Kill, offizielle Konzernhistorikerin, in einer bahneigenen Publikation zu den Deportationen: &#8222;Die Kosten f\u00fcr die Transporte stellte die Reichsbahn den Auftraggebern, dem Reichssicherheitshauptamt (RSHA) und der Sicherheitspolizei, in Rechnung. Grundlage der Berechnung war der Tarif f\u00fcr die Personenbef\u00f6rderung in der 3. Klasse, der 1942 vier Pfennig pro &#8218;Personenkilometer&#8216; betrug. Kinder unter zehn Jahren zahlten die H\u00e4lfte, Kinder unter vier fuhren umsonst.&#8220; Mengenrabatt gew\u00e4hrte die Reichsbahn auch: &#8222;Ab 400 Personen wurden Preisnachl\u00e4sse f\u00fcr die Sonderz\u00fcge, die f\u00fcr ihre Insassen den Tod bedeuteten, gew\u00e4hrt. In Deutschland waren die Fahrtkosten von den Juden selbst zu entrichten, d. h. an die Gestapo abzuf\u00fchren.&#8220; Etwa drei Millionen Menschen transportierte die Bahn laut NS-Forschern in die Vernichtungslager. Man tritt gewiss niemandem zu nahe, stellt man k\u00fchl fest: De facto verdiente die Deutsche Bahn fr\u00fcher &#8211; und sie tut es heute wieder &#8211; am Holocaust. Damals an den Deportationen, heute an der Erinnerung an sie.\u201c<\/em><\/p>\n<div id=\"attachment_2076\" style=\"width: 600px\" class=\"wp-caption aligncenter\"><img data-recalc-dims=\"1\" loading=\"lazy\" decoding=\"async\" aria-describedby=\"caption-attachment-2076\" data-attachment-id=\"2076\" data-permalink=\"https:\/\/dietenberger.de\/blog\/2014\/11\/17\/der-bahn-ist-ihre-vergangenheit-unangenehm\/30011374_dep\/\" data-orig-file=\"https:\/\/i0.wp.com\/dietenberger.de\/blog\/wp-content\/uploads\/2014\/11\/30011374_dep.jpg?fit=590%2C391&amp;ssl=1\" data-orig-size=\"590,391\" data-comments-opened=\"1\" data-image-meta=\"{&quot;aperture&quot;:&quot;0&quot;,&quot;credit&quot;:&quot;&quot;,&quot;camera&quot;:&quot;&quot;,&quot;caption&quot;:&quot;&quot;,&quot;created_timestamp&quot;:&quot;0&quot;,&quot;copyright&quot;:&quot;&quot;,&quot;focal_length&quot;:&quot;0&quot;,&quot;iso&quot;:&quot;0&quot;,&quot;shutter_speed&quot;:&quot;0&quot;,&quot;title&quot;:&quot;&quot;,&quot;orientation&quot;:&quot;1&quot;}\" data-image-title=\"30011374_dep\" data-image-description=\"\" data-image-caption=\"\" data-large-file=\"https:\/\/i0.wp.com\/dietenberger.de\/blog\/wp-content\/uploads\/2014\/11\/30011374_dep.jpg?fit=590%2C391&amp;ssl=1\" class=\"wp-image-2076 size-full\" src=\"https:\/\/i0.wp.com\/dietenberger.de\/blog\/wp-content\/uploads\/2014\/11\/30011374_dep.jpg?resize=590%2C391&#038;ssl=1\" alt=\"30011374_dep\" width=\"590\" height=\"391\" srcset=\"https:\/\/i0.wp.com\/dietenberger.de\/blog\/wp-content\/uploads\/2014\/11\/30011374_dep.jpg?w=590&amp;ssl=1 590w, https:\/\/i0.wp.com\/dietenberger.de\/blog\/wp-content\/uploads\/2014\/11\/30011374_dep.jpg?resize=300%2C198&amp;ssl=1 300w\" sizes=\"auto, (max-width: 590px) 100vw, 590px\" \/><p id=\"caption-attachment-2076\" class=\"wp-caption-text\">Deportation der Stuttgarter Juden nach Riga. Killesberg im November 1941<\/p><\/div>\n<p>Wer sich etwas mit dieser dunklen Geschichte in Stuttgart besch\u00e4ftigt kommt nat\u00fcrlich nicht an den schrecklichen Deportationen in die Konzentrationslager vorbei.<br \/>\nDie Juden aus dem ganzen Land wurden zusammengekarrt und zuerst auf dem Killesberg \u201ezwischengelagert\u201c. Dort wurden sie f\u00fcr ihre letzte Reise in den Tod vorbereitet und dann hinunter zum G\u00fcterbahnhof gebracht.<br \/>\nAus Stuttgart rollte der erste Deportationszug vom inneren Nordbahnhof am 1. Dezember 1941 nach Riga. Es folgten weitere \u201eSonderz\u00fcge\u201c vom inneren Nordbahnhof in die Konzentrationslager im Osten.<br \/>\n26. April 1942 nach Lublin<br \/>\n13. Juli 1942 nach Auschwitz<br \/>\n22. August 1942 nach Theresienstadt<br \/>\n1. M\u00e4rz 1943 nach Auschwitz<br \/>\n13. M\u00e4rz 1943 nach Auschwitz (w\u00fcrttembergische Sinti)<br \/>\n17. April 1943 nach Theresienstadt und Auschwitz<br \/>\n17. Juni 1943 nach Theresienstadt und Auschwitz<br \/>\n24. September 1943 nach Auschwitz<br \/>\n11. Januar 1944 nach Theresienstadt<\/p>\n<p>Die Bahn verdiente dabei im \u00dcbrigen recht gut mit. 50 RM nahm die Bahn jedem Juden f\u00fcr die Fahrt in den Tod ab. Dazu kamen noch 5 RM f\u00fcr ein, niemals ausgeh\u00e4ndigtes, Proviantpaket sowie 1,15 RM f\u00fcr die Zustellung der Beschlagnahmeverf\u00fcgung durch den Gerichtsvollzieher. Zus\u00e4tzlich wurden noch 2000 RM als \u201eEintrittsgeld\u201c und 180 RM als monatliches \u201ePflegegeld\u201c f\u00fcr f\u00fcnf Jahre im Voraus einbehalten.<\/p>\n<p>Von den \u00fcber 2600 Juden die \u00fcber den inneren Nordbahnhof Stuttgart deportiert wurden kamen nur wenige nach Kriegsende wieder zur\u00fcck.<\/p>\n<p>Mehr dazu: Kontext \u201e<a href=\"http:\/\/www.kontextwochenzeitung.de\/gesellschaft\/55\/verlorene-kindheit-1117.html\" target=\"_blank\">Verlorene Kindheit<\/a>\u201c 18.04.2012<\/p>\n<p>Am 14. Juni 2006 wurde auf den bis heute existierenden Gleisen durch den daf\u00fcr gegr\u00fcndeten Verein \u201eZeichen der Erinnerung e. V\u201c die gleichnamige Gedenkst\u00e4tte \u201e<a href=\"http:\/\/www.zeichen-der-erinnerung.org\/n2.htm\" target=\"_blank\">Zeichen der Erinnerung<\/a>\u201c am inneren Nordbahnhof eingeweiht.<\/p>\n<div id=\"attachment_2078\" style=\"width: 610px\" class=\"wp-caption aligncenter\"><img data-recalc-dims=\"1\" loading=\"lazy\" decoding=\"async\" aria-describedby=\"caption-attachment-2078\" data-attachment-id=\"2078\" data-permalink=\"https:\/\/dietenberger.de\/blog\/2014\/11\/17\/der-bahn-ist-ihre-vergangenheit-unangenehm\/imgp8723\/\" data-orig-file=\"https:\/\/i0.wp.com\/dietenberger.de\/blog\/wp-content\/uploads\/2014\/11\/imgp8723.jpg?fit=600%2C397&amp;ssl=1\" data-orig-size=\"600,397\" data-comments-opened=\"1\" data-image-meta=\"{&quot;aperture&quot;:&quot;0&quot;,&quot;credit&quot;:&quot;&quot;,&quot;camera&quot;:&quot;&quot;,&quot;caption&quot;:&quot;&quot;,&quot;created_timestamp&quot;:&quot;0&quot;,&quot;copyright&quot;:&quot;&quot;,&quot;focal_length&quot;:&quot;0&quot;,&quot;iso&quot;:&quot;0&quot;,&quot;shutter_speed&quot;:&quot;0&quot;,&quot;title&quot;:&quot;&quot;,&quot;orientation&quot;:&quot;0&quot;}\" data-image-title=\"imgp8723\" data-image-description=\"\" data-image-caption=\"\" data-large-file=\"https:\/\/i0.wp.com\/dietenberger.de\/blog\/wp-content\/uploads\/2014\/11\/imgp8723.jpg?fit=600%2C397&amp;ssl=1\" class=\"wp-image-2078 size-full\" src=\"https:\/\/i0.wp.com\/dietenberger.de\/blog\/wp-content\/uploads\/2014\/11\/imgp8723.jpg?resize=600%2C397&#038;ssl=1\" alt=\"imgp8723\" width=\"600\" height=\"397\" srcset=\"https:\/\/i0.wp.com\/dietenberger.de\/blog\/wp-content\/uploads\/2014\/11\/imgp8723.jpg?w=600&amp;ssl=1 600w, https:\/\/i0.wp.com\/dietenberger.de\/blog\/wp-content\/uploads\/2014\/11\/imgp8723.jpg?resize=300%2C198&amp;ssl=1 300w\" sizes=\"auto, (max-width: 600px) 100vw, 600px\" \/><p id=\"caption-attachment-2078\" class=\"wp-caption-text\">links: Baustelle Stuttgart 21 C1 &#8211; rechts: Zeichen der Erinnerung<\/p><\/div>\n<p>Durch das Mega-Projekt Stuttgart 21 wird nun das Gebiet des Inneren Nordbahnhofs komplett umgekrempelt. Zum einen wurde hier ein Zwischenangriff f\u00fcr eine Tunnelr\u00f6hre gegraben und zum anderen wird das Gel\u00e4nde von der Bahn wieder als Umschlagsplatz, allerdings diesmal f\u00fcr Abraum, genutzt. Das unglaublich makabere dabei:<br \/>\n<strong>Der Umschlag findet auf genau denselben Gleisen statt wie damals die Deportationen in den Tod.<\/strong><\/p>\n<p>Nach und nach wurden nun die alten Gleise von damals gegen neue ausgetauscht. Jedoch entledigt man sich so nicht seiner Vergangenheit. Die Gleise f\u00fchren in einer Linie auch heute noch genau auf die Deportationsgleise in der Gedenkst\u00e4tte \u201eZeichen der Erinnerung\u201c &#8211; nur ein Betonsteg trennt die Bereiche voneinander. Lediglich dieser geringe Abstand soll wohl nach Meinung der Bahn die Piet\u00e4t wahren.<\/p>\n<p>Ich \u00e4rgere mich dar\u00fcber, seit die ersten Baufahrzeuge dort ziemlich taktlos ihre Arbeit verrichteten und dort Baumaterial deponiert wurde. So als w\u00e4re es eben ein ganz normale Baustelle. An einem solch geschichtstr\u00e4chtigen Ort kann man aber bei weitem nicht von einer \u201enormalen\u201c Baustelle sprechen.<br \/>\nSo machte ich meinem \u00c4rger bei einer Begehung am 3. November 2013 \u00fcber twitter mit folgendem Eintrag Luft: &#8222;Die Bahn ist halt best\u00e4ndig. Nahtlos an die Deportationsgleise schlie\u00dft nun die DB Logistik an.&#8220;<\/p>\n<div id=\"attachment_2071\" style=\"width: 581px\" class=\"wp-caption aligncenter\"><a href=\"https:\/\/twitter.com\/stuttgarter1977\/status\/397001587316764672\"><img data-recalc-dims=\"1\" loading=\"lazy\" decoding=\"async\" aria-describedby=\"caption-attachment-2071\" data-attachment-id=\"2071\" data-permalink=\"https:\/\/dietenberger.de\/blog\/2014\/11\/17\/der-bahn-ist-ihre-vergangenheit-unangenehm\/tweet-2\/\" data-orig-file=\"https:\/\/i0.wp.com\/dietenberger.de\/blog\/wp-content\/uploads\/2014\/11\/tweet1.jpg?fit=571%2C534&amp;ssl=1\" data-orig-size=\"571,534\" data-comments-opened=\"1\" data-image-meta=\"{&quot;aperture&quot;:&quot;0&quot;,&quot;credit&quot;:&quot;dietenberger&quot;,&quot;camera&quot;:&quot;&quot;,&quot;caption&quot;:&quot;&quot;,&quot;created_timestamp&quot;:&quot;1415441332&quot;,&quot;copyright&quot;:&quot;&quot;,&quot;focal_length&quot;:&quot;0&quot;,&quot;iso&quot;:&quot;0&quot;,&quot;shutter_speed&quot;:&quot;0&quot;,&quot;title&quot;:&quot;&quot;,&quot;orientation&quot;:&quot;0&quot;}\" data-image-title=\"tweet\" data-image-description=\"\" data-image-caption=\"\" data-large-file=\"https:\/\/i0.wp.com\/dietenberger.de\/blog\/wp-content\/uploads\/2014\/11\/tweet1.jpg?fit=571%2C534&amp;ssl=1\" class=\"wp-image-2071 size-full\" src=\"https:\/\/i0.wp.com\/dietenberger.de\/blog\/wp-content\/uploads\/2014\/11\/tweet1.jpg?resize=571%2C534&#038;ssl=1\" alt=\"tweet\" width=\"571\" height=\"534\" srcset=\"https:\/\/i0.wp.com\/dietenberger.de\/blog\/wp-content\/uploads\/2014\/11\/tweet1.jpg?w=571&amp;ssl=1 571w, https:\/\/i0.wp.com\/dietenberger.de\/blog\/wp-content\/uploads\/2014\/11\/tweet1.jpg?resize=300%2C280&amp;ssl=1 300w\" sizes=\"auto, (max-width: 571px) 100vw, 571px\" \/><\/a><p id=\"caption-attachment-2071\" class=\"wp-caption-text\">Der tweet vom 3.11.2013, der zur Strafanzeige f\u00fchrte<\/p><\/div>\n<p>ngg_shortcode_0_placeholderJeder, der die \u00d6rtlichkeit und deren Geschichte kennt, wird mir Recht geben. Auch wenn die Deutsche Bahn AG nicht die Rechtsnachfolgerin der Reichsbahn ist, so ist es doch eine moralische Aufgabe des Unternehmens, sich der Geschichte dieses Ortes bewusst zu sein. Dass die Deutsche Bahn AG auf den ehemaligen Deportationsgleisen einen Teil ihrer Logistik f\u00fcr den Abtransport von Bauabraum der Stuttgart 21 Baustelle dort eingerichtet hat ist durch den <a href=\"http:\/\/www.bahnprojekt-stuttgart-ulm.de\/no_cache\/mediathek\/detail\/media\/zentrale-baulogistik\/mediaParameter\/show\/Medium\/%20\" target=\"_blank\">PFA 1.1, 1.2, 1.5 sowie 1.6 \u00fcber die Logistikfl\u00e4che C2\/C1<\/a> beh\u00f6rdlich dokumentiert.<br \/>\nIm Planfeststellungsabschnitt 1.1, Anlage 13 steht unter Punkt 1.2 folgendes:<br \/>\n<strong><em>\u201eBaulogistikfl\u00e4che C 1 \u00fcbergeordnet<\/em><\/strong><br \/>\n<strong><em>&#8211; Abstell- und Puffergleise f\u00fcr leere und beladene G\u00fcterz\u00fcge; hierbei werden bestehende Gleisanlagen genutzt.\u201c<br \/>\n<\/em><\/strong>Anmerkung: Die <em>bestehende Gleisanlagen<\/em> sind die Deportationsgleise des Inneren Nordbahnhofs.<strong><em><br \/>\n<\/em><\/strong><\/p>\n<p><strong>Die Bahn AG f\u00fchlte sich jedenfalls von meinem tweet beleidigt und erstattete Anzeige gegen mich.<\/strong><\/p>\n<p><strong>Der Vorwurf:<\/strong> Ich h\u00e4tte wider besseres Wissen eine unwahre Tatsache gegen ihn (die Bahn) behauptet und verbreitet, welche denselben (die Bahn) ver\u00e4chtlich zu machen oder in der \u00f6ffentlichen Meinung herabzuw\u00fcrdigen geeignet sei.<br \/>\n<strong>Die Tat:<\/strong> Vergehen der Verleumdung gem\u00e4\u00df \u00a7187 StGB<\/p>\n<div id=\"attachment_2084\" style=\"width: 610px\" class=\"wp-caption aligncenter\"><img data-recalc-dims=\"1\" loading=\"lazy\" decoding=\"async\" aria-describedby=\"caption-attachment-2084\" data-attachment-id=\"2084\" data-permalink=\"https:\/\/dietenberger.de\/blog\/2014\/11\/17\/der-bahn-ist-ihre-vergangenheit-unangenehm\/strafbefehl_gesamt_sw\/\" data-orig-file=\"https:\/\/i0.wp.com\/dietenberger.de\/blog\/wp-content\/uploads\/2014\/11\/strafbefehl_gesamt_sw.jpg?fit=600%2C557&amp;ssl=1\" data-orig-size=\"600,557\" data-comments-opened=\"1\" data-image-meta=\"{&quot;aperture&quot;:&quot;0&quot;,&quot;credit&quot;:&quot;&quot;,&quot;camera&quot;:&quot;&quot;,&quot;caption&quot;:&quot;&quot;,&quot;created_timestamp&quot;:&quot;0&quot;,&quot;copyright&quot;:&quot;&quot;,&quot;focal_length&quot;:&quot;0&quot;,&quot;iso&quot;:&quot;0&quot;,&quot;shutter_speed&quot;:&quot;0&quot;,&quot;title&quot;:&quot;&quot;,&quot;orientation&quot;:&quot;0&quot;}\" data-image-title=\"strafbefehl_gesamt_sw\" data-image-description=\"\" data-image-caption=\"&lt;p&gt;Der Strafbefehl&lt;\/p&gt;\n\" data-large-file=\"https:\/\/i0.wp.com\/dietenberger.de\/blog\/wp-content\/uploads\/2014\/11\/strafbefehl_gesamt_sw.jpg?fit=600%2C557&amp;ssl=1\" class=\"wp-image-2084 size-full\" src=\"https:\/\/i0.wp.com\/dietenberger.de\/blog\/wp-content\/uploads\/2014\/11\/strafbefehl_gesamt_sw.jpg?resize=600%2C557&#038;ssl=1\" alt=\"\" width=\"600\" height=\"557\" srcset=\"https:\/\/i0.wp.com\/dietenberger.de\/blog\/wp-content\/uploads\/2014\/11\/strafbefehl_gesamt_sw.jpg?w=600&amp;ssl=1 600w, https:\/\/i0.wp.com\/dietenberger.de\/blog\/wp-content\/uploads\/2014\/11\/strafbefehl_gesamt_sw.jpg?resize=300%2C278&amp;ssl=1 300w\" sizes=\"auto, (max-width: 600px) 100vw, 600px\" \/><p id=\"caption-attachment-2084\" class=\"wp-caption-text\">Der Strafbefehl (Zugestellt: 28.10.2014)<\/p><\/div>\n<p><strong>\u00a7 187 StGB Verleumdung<\/strong><br \/>\nWer wider besseres Wissen in Beziehung auf einen anderen eine unwahre Tatsache behauptet oder verbreitet, welche denselben ver\u00e4chtlich zu machen oder in der \u00f6ffentlichen Meinung herabzuw\u00fcrdigen oder dessen Kredit zu gef\u00e4hrden geeignet ist, wird mit Freiheitsstrafe bis zu zwei Jahren oder mit Geldstrafe und, wenn die Tat \u00f6ffentlich, in einer Versammlung oder durch Verbreiten von Schriften (\u00a7 11 Abs. 3) begangen ist, mit Freiheitsstrafe bis zu f\u00fcnf Jahren oder mit Geldstrafe bestraft.<\/p>\n<p>Der <a href=\"https:\/\/beck-online.beck.de\/?vpath=bibdata\/komm_pdk\/PdK-Bay-L5Bay\/cont\/PdK-Bay-L5Bay.darstellung.gl2.gl4.htm\" target=\"_blank\">BECK<\/a> kommentiert hierzu:<br \/>\n<em>&#8222;Ausschlaggebend hierf\u00fcr ist, dass der T\u00e4ter wissentlich die Unwahrheit verbreitet.&#8220;<\/em><br \/>\nAnmerkung: Wie gesagt, die Bahn hat zumindest die moralische Nachfolge der Reichsbahn zu tragen. Sie zahlt \u00fcbrigens auch in den NS-Entsch\u00e4digungsfonds<\/p>\n<p>Wenn man im <a href=\"http:\/\/www.rechtslexikon-online.de\/Beleidigung.html\" target=\"_blank\">Rechtslexikon<\/a> liest was man genau darunter zu verstehen hat, findet man folgendes:<br \/>\n<em>&#8222;Die Art der beleidigenden Handlung ist unerheblich. Sie kann verbal, schriftlich, durch K\u00f6rpersprache (z. B. Tippen an die Stirn, Zeigen des Mittelfingers) erfolgen, aber auch mittels eines k\u00f6rperlichen Angriffs.<\/em><br \/>\n<em>Voraussetzung ist nur, dass die \u00c4u\u00dferung tats\u00e4chlich ehrverletzend ist (blo\u00dfen Unh\u00f6flichkeiten oder Taktlosigkeiten reichen nicht) und die Ehrverletzung nach au\u00dfen gedrungen ist, woran es bei blo\u00dfen schriftlichen Aufzeichnungen f\u00fcr den eigenen Gebrauch und \u00c4u\u00dferungen im engsten Familienkreis fehlt.<\/em><br \/>\n<em>Au\u00dferdem muss derjenige, gegen\u00fcber dem die \u00c4u\u00dferung erfolgt, sie als Beleidigung auffassen.<\/em>&#8220;<br \/>\nAnmerkung: Es ist schon erschreckend, wenn mir die Bahn in diesem Zusammenhang also \u201eEhrverletzung\u201c vorwirft. Ergo \u201eehrt\u201c die Bahn also die Toten mit einer erneuten \u201eLogistik Fl\u00e4che\u201c am selben Ort von dem aus im Zweiten Weltkrieg die Deportationen mit der Bahn begannen. Das verstehe wer mag. Ich nicht.<\/p>\n<p>Interessant dabei ist noch, dass f\u00fcr dieses \u201eVergehen\u201c als Zeugin eine Kriminaloberkommissarin (KOK) des Polizei Pr\u00e4sidiums Stuttgart (auf Twitter aktiv unter @pp_stuttgart) aufgef\u00fchrt wurde. Man k\u00f6nnte daraus schliessen, dass (insbesondere) ich auf meine \u00c4u\u00dferungen im Social Web polizeilich beobachtet werde und der Bahn AG Hinweise gegeben wurden, die dann zur Anzeige f\u00fchrten \u2013 ein Vorgang, der einem Angst um unsere Demokratie machen w\u00fcrde.<\/p>\n<p><strong>Ich habe zu der Anzeige bewusst nicht Stellung genommen und wurde daher nun rechtskr\u00e4ftig zu 15 Tagess\u00e4tzen verurteilt.<\/strong><br \/>\nWarum ich mich nicht dazu \u00e4u\u00dferte? Ich dachte nicht, dass diese Anzeige ernsthaft weiterverfolgt w\u00fcrde. Doch ich hatte mich nat\u00fcrlich bei der Stuttgarter Justiz versch\u00e4tzt, deren fragw\u00fcrdiger Umgang mit der NS-Vergangenheit bekannt ist.<\/p>\n<p>Ich kann nun nur noch hoffen, dass die W\u00fcrde der Gedenkst\u00e4tte \u201eZeichen der Erinnerung\u201c nicht noch weiter durch die sch\u00e4ndliche Baustelle (in direkter Nachbarschaft) verletzt wird und man die schreckliche Taten an diesem Ort niemals vergessen wird.<\/p>\n<p>Ade<\/p>\n<p>&#8211; Update, 23.12.2014 &#8211;<br \/>\nHeute habe ich den sch\u00f6nen Tag genutzt einen Spaziergang zu machen. Auf meinem Weg kam ich auch am Zeichen der Erinnerung vorbei. Ich glaube, ich mu\u00df nicht viel sagen wenn man diese Bilder sieht.<br \/>\n<strong>Kurz und knapp: Ich k\u00f6nnte Kotzen!<\/strong><\/p>\n<div id=\"attachment_2104\" style=\"width: 610px\" class=\"wp-caption aligncenter\"><img data-recalc-dims=\"1\" loading=\"lazy\" decoding=\"async\" aria-describedby=\"caption-attachment-2104\" data-attachment-id=\"2104\" data-permalink=\"https:\/\/dietenberger.de\/blog\/2014\/11\/17\/der-bahn-ist-ihre-vergangenheit-unangenehm\/dsc_0266\/\" data-orig-file=\"https:\/\/i0.wp.com\/dietenberger.de\/blog\/wp-content\/uploads\/2014\/11\/DSC_0266.jpg?fit=600%2C338&amp;ssl=1\" data-orig-size=\"600,338\" data-comments-opened=\"1\" data-image-meta=\"{&quot;aperture&quot;:&quot;0&quot;,&quot;credit&quot;:&quot;&quot;,&quot;camera&quot;:&quot;&quot;,&quot;caption&quot;:&quot;&quot;,&quot;created_timestamp&quot;:&quot;0&quot;,&quot;copyright&quot;:&quot;&quot;,&quot;focal_length&quot;:&quot;0&quot;,&quot;iso&quot;:&quot;0&quot;,&quot;shutter_speed&quot;:&quot;0&quot;,&quot;title&quot;:&quot;&quot;,&quot;orientation&quot;:&quot;1&quot;}\" data-image-title=\"DSC_0266\" data-image-description=\"\" data-image-caption=\"\" data-large-file=\"https:\/\/i0.wp.com\/dietenberger.de\/blog\/wp-content\/uploads\/2014\/11\/DSC_0266.jpg?fit=600%2C338&amp;ssl=1\" class=\"wp-image-2104 size-full\" title=\"Zeichen der Erinnerung am 23.12.2014\" src=\"https:\/\/i0.wp.com\/dietenberger.de\/blog\/wp-content\/uploads\/2014\/11\/DSC_0266.jpg?resize=600%2C338&#038;ssl=1\" alt=\"DSC_0266\" width=\"600\" height=\"338\" srcset=\"https:\/\/i0.wp.com\/dietenberger.de\/blog\/wp-content\/uploads\/2014\/11\/DSC_0266.jpg?w=600&amp;ssl=1 600w, https:\/\/i0.wp.com\/dietenberger.de\/blog\/wp-content\/uploads\/2014\/11\/DSC_0266.jpg?resize=300%2C169&amp;ssl=1 300w\" sizes=\"auto, (max-width: 600px) 100vw, 600px\" \/><p id=\"caption-attachment-2104\" class=\"wp-caption-text\">Zeichen der Erinnerung am 23.12.2014<\/p><\/div>\n<p>Ein Bauzaun wahrt nun, f\u00fcr die Bahn scheinbar ausreichend, die W\u00fcrde dieses Geschichtstr\u00e4chtigen Ortes. Liebe Bahn, zwischen Pragfriedhof und dem Zeichen der Erinnerung kommt diese Art von trampeliger &#8222;Neunutzung&#8220; gar nicht gut! VOn Fingerspitzengef\u00fchl noch nie was geh\u00f6rt wie es scheint.<\/p>\n<div id=\"attachment_2105\" style=\"width: 610px\" class=\"wp-caption aligncenter\"><img data-recalc-dims=\"1\" loading=\"lazy\" decoding=\"async\" aria-describedby=\"caption-attachment-2105\" data-attachment-id=\"2105\" data-permalink=\"https:\/\/dietenberger.de\/blog\/2014\/11\/17\/der-bahn-ist-ihre-vergangenheit-unangenehm\/dsc_0257\/\" data-orig-file=\"https:\/\/i0.wp.com\/dietenberger.de\/blog\/wp-content\/uploads\/2014\/11\/DSC_0257.jpg?fit=600%2C338&amp;ssl=1\" data-orig-size=\"600,338\" data-comments-opened=\"1\" data-image-meta=\"{&quot;aperture&quot;:&quot;0&quot;,&quot;credit&quot;:&quot;&quot;,&quot;camera&quot;:&quot;&quot;,&quot;caption&quot;:&quot;&quot;,&quot;created_timestamp&quot;:&quot;0&quot;,&quot;copyright&quot;:&quot;&quot;,&quot;focal_length&quot;:&quot;0&quot;,&quot;iso&quot;:&quot;0&quot;,&quot;shutter_speed&quot;:&quot;0&quot;,&quot;title&quot;:&quot;&quot;,&quot;orientation&quot;:&quot;1&quot;}\" data-image-title=\"DSC_0257\" data-image-description=\"\" data-image-caption=\"&lt;p&gt;Zeichen der Erinnerung am 23.12.2014&lt;\/p&gt;\n\" data-large-file=\"https:\/\/i0.wp.com\/dietenberger.de\/blog\/wp-content\/uploads\/2014\/11\/DSC_0257.jpg?fit=600%2C338&amp;ssl=1\" class=\"size-full wp-image-2105\" src=\"https:\/\/i0.wp.com\/dietenberger.de\/blog\/wp-content\/uploads\/2014\/11\/DSC_0257.jpg?resize=600%2C338&#038;ssl=1\" alt=\"Zeichen der Erinnerung am 23.12.2014\" width=\"600\" height=\"338\" srcset=\"https:\/\/i0.wp.com\/dietenberger.de\/blog\/wp-content\/uploads\/2014\/11\/DSC_0257.jpg?w=600&amp;ssl=1 600w, https:\/\/i0.wp.com\/dietenberger.de\/blog\/wp-content\/uploads\/2014\/11\/DSC_0257.jpg?resize=300%2C169&amp;ssl=1 300w\" sizes=\"auto, (max-width: 600px) 100vw, 600px\" \/><p id=\"caption-attachment-2105\" class=\"wp-caption-text\">Zeichen der Erinnerung am 23.12.2014<\/p><\/div>\n<p>ngg_shortcode_1_placeholder<br \/>\nBilder: Eigenes Bildarchiv, Bildarchiv Preusischer Kulturbesitz, Deutsche digitale Bibliothek, zeichen-der-erinnerung.org, google maps<\/p>\n","protected":false},"excerpt":{"rendered":"<p>Wenn es um die erfolgreiche Geschichte der Bahn in Deutschland geht, dann ist die Deutsche Bahn AG immer gerne ganz vorne dabei. So beispielsweise 2010 als man stolz \u201e175 Jahre Eisenbahn in Deutschland\u201c feierte.<\/p>\n","protected":false},"author":1,"featured_media":2069,"comment_status":"open","ping_status":"open","sticky":false,"template":"","format":"standard","meta":{"ngg_post_thumbnail":0,"jetpack_post_was_ever_published":false,"_jetpack_newsletter_access":"","_jetpack_dont_email_post_to_subs":false,"_jetpack_newsletter_tier_id":0,"_jetpack_memberships_contains_paywalled_content":false,"_jetpack_memberships_contains_paid_content":false,"footnotes":"","jetpack_publicize_message":"","jetpack_publicize_feature_enabled":true,"jetpack_social_post_already_shared":false,"jetpack_social_options":{"image_generator_settings":{"template":"highway","default_image_id":0,"font":"","enabled":false},"version":2}},"categories":[1],"tags":[24,152,68,14,3,153],"class_list":["post-2064","post","type-post","status-publish","format-standard","has-post-thumbnail","hentry","category-allgemein","tag-bahn","tag-deportation","tag-deutsche-bahn-ag-db-ag","tag-stuttgart","tag-stuttgart21","tag-zeichen-der-erinnerung"],"jetpack_publicize_connections":[],"jetpack_featured_media_url":"https:\/\/i0.wp.com\/dietenberger.de\/blog\/wp-content\/uploads\/2014\/11\/amtsgericht.jpg?fit=600%2C338&ssl=1","jetpack_shortlink":"https:\/\/wp.me\/p1EwkB-xi","jetpack_sharing_enabled":true,"_links":{"self":[{"href":"https:\/\/dietenberger.de\/blog\/wp-json\/wp\/v2\/posts\/2064","targetHints":{"allow":["GET"]}}],"collection":[{"href":"https:\/\/dietenberger.de\/blog\/wp-json\/wp\/v2\/posts"}],"about":[{"href":"https:\/\/dietenberger.de\/blog\/wp-json\/wp\/v2\/types\/post"}],"author":[{"embeddable":true,"href":"https:\/\/dietenberger.de\/blog\/wp-json\/wp\/v2\/users\/1"}],"replies":[{"embeddable":true,"href":"https:\/\/dietenberger.de\/blog\/wp-json\/wp\/v2\/comments?post=2064"}],"version-history":[{"count":28,"href":"https:\/\/dietenberger.de\/blog\/wp-json\/wp\/v2\/posts\/2064\/revisions"}],"predecessor-version":[{"id":2108,"href":"https:\/\/dietenberger.de\/blog\/wp-json\/wp\/v2\/posts\/2064\/revisions\/2108"}],"wp:featuredmedia":[{"embeddable":true,"href":"https:\/\/dietenberger.de\/blog\/wp-json\/wp\/v2\/media\/2069"}],"wp:attachment":[{"href":"https:\/\/dietenberger.de\/blog\/wp-json\/wp\/v2\/media?parent=2064"}],"wp:term":[{"taxonomy":"category","embeddable":true,"href":"https:\/\/dietenberger.de\/blog\/wp-json\/wp\/v2\/categories?post=2064"},{"taxonomy":"post_tag","embeddable":true,"href":"https:\/\/dietenberger.de\/blog\/wp-json\/wp\/v2\/tags?post=2064"}],"curies":[{"name":"wp","href":"https:\/\/api.w.org\/{rel}","templated":true}]}}