{"id":1794,"date":"2013-06-11T14:18:46","date_gmt":"2013-06-11T12:18:46","guid":{"rendered":"http:\/\/dietenberger.de\/blog\/?p=1794"},"modified":"2013-06-11T14:18:46","modified_gmt":"2013-06-11T12:18:46","slug":"wohnmobil-tour-vorbereitung-lauft","status":"publish","type":"post","link":"https:\/\/dietenberger.de\/blog\/2013\/06\/11\/wohnmobil-tour-vorbereitung-lauft\/","title":{"rendered":"Wohnmobil-Tour Vorbereitung? L\u00e4uft!"},"content":{"rendered":"<p>Sodele, dann mach ich hier mal ein Update was sich in der Zwischenzeit so getan hat.<\/p>\n<p>Wie schon im letzten Artikel erw\u00e4hnt, ist meine Route mehr oder weniger vorgegeben.<br \/>\nZumindest was die Campingpl\u00e4tze anbelangt sind diese schon f\u00fcr jede Nacht f\u00fcr mein WoMo und mich gebucht. Also alle sind schon mal vor gewarnt \ud83d\ude42<\/p>\n<p><!--more--><\/p>\n<p><a href=\"https:\/\/i0.wp.com\/dietenberger.de\/blog\/wp-content\/uploads\/2013\/06\/0603S1_Ixeo_plus_it_724_1_.jpg?ssl=1\"><img data-recalc-dims=\"1\" loading=\"lazy\" decoding=\"async\" data-attachment-id=\"1795\" data-permalink=\"https:\/\/dietenberger.de\/blog\/2013\/06\/11\/wohnmobil-tour-vorbereitung-lauft\/www-boge-fotodesign-de\/\" data-orig-file=\"https:\/\/i0.wp.com\/dietenberger.de\/blog\/wp-content\/uploads\/2013\/06\/0603S1_Ixeo_plus_it_724_1_.jpg?fit=680%2C300&amp;ssl=1\" data-orig-size=\"680,300\" data-comments-opened=\"1\" data-image-meta=\"{&quot;aperture&quot;:&quot;0&quot;,&quot;credit&quot;:&quot;&quot;,&quot;camera&quot;:&quot;&quot;,&quot;caption&quot;:&quot;&quot;,&quot;created_timestamp&quot;:&quot;0&quot;,&quot;copyright&quot;:&quot;&quot;,&quot;focal_length&quot;:&quot;0&quot;,&quot;iso&quot;:&quot;0&quot;,&quot;shutter_speed&quot;:&quot;0&quot;,&quot;title&quot;:&quot;www.boge-fotodesign.de&quot;}\" data-image-title=\"www.boge-fotodesign.de\" data-image-description=\"\" data-image-caption=\"\" data-large-file=\"https:\/\/i0.wp.com\/dietenberger.de\/blog\/wp-content\/uploads\/2013\/06\/0603S1_Ixeo_plus_it_724_1_.jpg?fit=625%2C276&amp;ssl=1\" class=\"aligncenter size-full wp-image-1795\" alt=\"www.boge-fotodesign.de\" src=\"https:\/\/i0.wp.com\/dietenberger.de\/blog\/wp-content\/uploads\/2013\/06\/0603S1_Ixeo_plus_it_724_1_.jpg?resize=625%2C276&#038;ssl=1\" width=\"625\" height=\"276\" srcset=\"https:\/\/i0.wp.com\/dietenberger.de\/blog\/wp-content\/uploads\/2013\/06\/0603S1_Ixeo_plus_it_724_1_.jpg?w=680&amp;ssl=1 680w, https:\/\/i0.wp.com\/dietenberger.de\/blog\/wp-content\/uploads\/2013\/06\/0603S1_Ixeo_plus_it_724_1_.jpg?resize=300%2C132&amp;ssl=1 300w\" sizes=\"auto, (max-width: 625px) 100vw, 625px\" \/><\/a><\/p>\n<p><strong>Die Tour: Seenplatte \/ Usedom \/ R\u00fcgen<\/strong><\/p>\n<p>Das Gewinner-Programm geht von Freitag bis Samstag.<br \/>\nDa ein Wohmobil in Fuldatal steht, werde ich das unterwegs schon mitnehmen. Daher kann es sein, dass ich schon Donnerstags Anreise. Muss ich aber noch kl\u00e4ren. Mal schaun. Jedenfalls zur\u00fcck werde ich das Selbe machen und das Wohnmobil in Fuldatal wieder abliefern. So wird sich mein Programmende von Samstag auf den Sonntag ziehen.<\/p>\n<p>Generell ist eigentlich selbst das Rahmenprogramm f\u00fcr jeden Tag schon perfekt. F\u00fcr jeden Tag gibt es Campingpl\u00e4tze bzw. Partner die mir alles M\u00f6gliche anbieten. Was das alles sein wird verrate ich jetzt noch nicht. Lasst euch \u00fcberraschen!<\/p>\n<p>Freitag, 14.06.2013<br \/>\n<a href=\"www.campingtour-mv.de\/malchow\/\u200e\" target=\"_blank\">Naturcamping Malchow, Am Plauer See, 17213 Malchow<\/a><br \/>\nHier erwartet mich ein kleines Start-Up mit den anderen Gewinnern und dem Orga-Team.<\/p>\n<p>Samstag, 15.06.2013<br \/>\n<a href=\"www.gobenowsee.m-vp.de\/\u200e\" target=\"_blank\">Campingplatz am Gobenowsee Am See C27 17255 Drosedow<\/a><\/p>\n<p>Sonntag 16.06.2013<br \/>\nM\u00fcritz Natinalpark, <a href=\"www.camping-ecktannen.de\/\u200e\" target=\"_blank\">Campingplatz Ecktannen Fontanenstra\u00dfe 66 17192 Waren\/ M\u00fcritz<\/a><\/p>\n<p>Montag, 17.06.2013<br \/>\n<a href=\"www.karlshagen.de\/duenencamp\u200e\" target=\"_blank\">D\u00fcnencamp Karlshagen Zeltplatzstra\u00dfe 11 17449 Karlshagen<\/a><\/p>\n<p>Dienstag, 18.06.2013<br \/>\n<a href=\"www.campingruegen.de\/freizeitoase\/index.htm\" target=\"_blank\">Freizeitoase R\u00fcgen, Lobbe 32a, 18586 Lobbe<\/a><\/p>\n<p>Mittwoch, 19.06.2013<br \/>\n<a href=\"www.camping-auf-ruegen.de\" target=\"_blank\">Campingplatz \u201eDrewoldke\u201c, Zittkower Weg 27, 18556 Altenkirchen<\/a><\/p>\n<p>Donnerstag, 20.06.2013<br \/>\n<a href=\"www.sund-camp.de\" target=\"_blank\">Sund-Camp-Altef\u00e4hr Am Kurpark 1 18573 Altef\u00e4hr\/ R\u00fcgen<\/a><\/p>\n<p>Freitag, 21.06.2013<br \/>\n<a href=\"www.ostseecamp-ferienpark.de\" target=\"_blank\">Ostseecamp &amp; Ferienpark Rostocker Heide Wiedortschneise 1 18181 Graal-M\u00fcritz<\/a><\/p>\n<p>Samstag, 22.06.2013<br \/>\n<a href=\"www.ziegeleipark.de\/marina-neuer-hafen.html\u200e\" target=\"_blank\">Neuer Hafen am Ziegeleipark Mildenberg<\/a><br \/>\nZiegelei 10, 16792 Zehdenick (OT Mildenberg)<br \/>\nAbschieds-Imbiss &amp; Plausch<\/p>\n<p>&nbsp;<\/p>\n","protected":false},"excerpt":{"rendered":"<p>Sodele, dann mach ich hier mal ein Update was sich in der Zwischenzeit so getan hat. Wie schon im letzten Artikel erw\u00e4hnt, ist meine Route mehr oder weniger vorgegeben. Zumindest was die Campingpl\u00e4tze anbelangt sind diese schon f\u00fcr jede Nacht f\u00fcr mein WoMo und mich gebucht. Also alle sind schon mal vor gewarnt \ud83d\ude42<\/p>\n","protected":false},"author":1,"featured_media":0,"comment_status":"open","ping_status":"open","sticky":false,"template":"","format":"standard","meta":{"ngg_post_thumbnail":0,"jetpack_post_was_ever_published":false,"_jetpack_newsletter_access":"","_jetpack_dont_email_post_to_subs":false,"_jetpack_newsletter_tier_id":0,"_jetpack_memberships_contains_paywalled_content":false,"_jetpack_memberships_contains_paid_content":false,"footnotes":"","jetpack_publicize_message":"","jetpack_publicize_feature_enabled":true,"jetpack_social_post_already_shared":false,"jetpack_social_options":{"image_generator_settings":{"template":"highway","default_image_id":0,"font":"","enabled":false},"version":2}},"categories":[6],"tags":[132,133,25,131],"class_list":["post-1794","post","type-post","status-publish","format-standard","hentry","category-urlaub","tag-gewinn","tag-mecklenburg-vorpommern","tag-ostsee","tag-wohnmobil"],"jetpack_publicize_connections":[],"jetpack_featured_media_url":"","jetpack_shortlink":"https:\/\/wp.me\/p1EwkB-sW","jetpack_sharing_enabled":true,"_links":{"self":[{"href":"https:\/\/dietenberger.de\/blog\/wp-json\/wp\/v2\/posts\/1794","targetHints":{"allow":["GET"]}}],"collection":[{"href":"https:\/\/dietenberger.de\/blog\/wp-json\/wp\/v2\/posts"}],"about":[{"href":"https:\/\/dietenberger.de\/blog\/wp-json\/wp\/v2\/types\/post"}],"author":[{"embeddable":true,"href":"https:\/\/dietenberger.de\/blog\/wp-json\/wp\/v2\/users\/1"}],"replies":[{"embeddable":true,"href":"https:\/\/dietenberger.de\/blog\/wp-json\/wp\/v2\/comments?post=1794"}],"version-history":[{"count":2,"href":"https:\/\/dietenberger.de\/blog\/wp-json\/wp\/v2\/posts\/1794\/revisions"}],"predecessor-version":[{"id":1797,"href":"https:\/\/dietenberger.de\/blog\/wp-json\/wp\/v2\/posts\/1794\/revisions\/1797"}],"wp:attachment":[{"href":"https:\/\/dietenberger.de\/blog\/wp-json\/wp\/v2\/media?parent=1794"}],"wp:term":[{"taxonomy":"category","embeddable":true,"href":"https:\/\/dietenberger.de\/blog\/wp-json\/wp\/v2\/categories?post=1794"},{"taxonomy":"post_tag","embeddable":true,"href":"https:\/\/dietenberger.de\/blog\/wp-json\/wp\/v2\/tags?post=1794"}],"curies":[{"name":"wp","href":"https:\/\/api.w.org\/{rel}","templated":true}]}}