{"id":1578,"date":"2012-09-30T12:00:46","date_gmt":"2012-09-30T10:00:46","guid":{"rendered":"http:\/\/dietenberger.de\/blog\/?p=1578"},"modified":"2012-09-30T17:21:25","modified_gmt":"2012-09-30T15:21:25","slug":"zweiter-jahrestag-des-schwarzen-donnerstag","status":"publish","type":"post","link":"https:\/\/dietenberger.de\/blog\/2012\/09\/30\/zweiter-jahrestag-des-schwarzen-donnerstag\/","title":{"rendered":"Zweiter Jahrestag des &#8222;Schwarzen Donnerstag&#8220;"},"content":{"rendered":"<p>Nun ist es schon wieder zwei Jahre her; Wie die Zeit vergeht. doch die Wunden sind noch tief. Vom Schlo\u00dfgarten ist nichts mehr zu sehen &#8211; Von Stuttgart 21 aber ebenso wenig.<br \/>\n<!--more--><\/p>\n<p>ngg_shortcode_0_placeholderWie ich den 30.09. erlebt habe, k\u00f6nnt ihr <a href=\"https:\/\/dietenberger.de\/blog\/2011\/09\/30\/wie-ich-den-30-09-2010-den-schwarzen-donnerstag-erlebte\/\">hier<\/a> nochmals nachlesen.<br \/>\nZum letztj\u00e4hrigen Jahrestag des Schwarzen Donnerstag hatte ich auf twitter diesen <a href=\"https:\/\/twitter.com\/stuttgarter1977\/status\/121200852127055873\" target=\"_blank\">tweet<\/a> losgelassen der Folgen haben sollte.<br \/>\nAm 5. Dezember 2011 bekam ich ein Telefonat und im Anschlu\u00df eine Mail mit folgendem Inhalt von der uns so geliebten Polizei Stuttgart:<\/p>\n<p>&nbsp;<\/p>\nngg_shortcode_1_placeholder\n<div>\n<p><span style=\"font-family: Arial; font-size: small;\"><span style=\"color: #0000ff;\"><em><span style=\"font-family: Arial; font-size: small;\">Betreff: Strafanzeige wegen Beleidigung und KunstUrhG<br \/>\nSehr geehrter Herr Andr\u00e9 Dietenberger;<br \/>\nich beziehe mich auf unser\u00a0gef\u00fchrtes Telefongespr\u00e4ch vom Mo., 05.12.2011, gegen 14:45 Uhr.<br \/>\nIch habe\u00a0dabei auf das vorliegende Ermittlungsverfahren gegen Sie wegen Beleidigung &#8211; gem\u00e4\u00df \u00a7 185 StGB und\u00a0Kunsturhebergesetz (KunstUrhG) &#8211;\u00a0gem\u00e4\u00df \u00a7 33 hingewiesen.<br \/>\nNach erfolgter telefonisch <strong><span style=\"text-decoration: underline;\">m\u00fcndlicher Beschuldigten-Belehrung<\/span><\/strong>\u00a0(<span style=\"text-decoration: underline;\">Mo., 05.12.2011, gegen 14:45 Uhr<\/span>) baten Sie nochmals um \u00dcbersendung des folgenden Sachverhaltes in schriftlicher Form.<\/span><br \/>\n<span style=\"font-family: Arial;\"><strong><span style=\"text-decoration: underline;\">Sachverhalt:<\/span><\/strong><br \/>\n<span style=\"font-size: small;\">Am Di., 04.10. <strong><span style=\"text-decoration: underline;\">2010<\/span><\/strong>, gegen 16:35 Uhr wurde \u00fcber das Internetforum &#8222;twitter.com&#8220; bekannt, dass\u00a0Sie, Herr\u00a0Andr\u00e9 Dietenberger, auf einen Eintrag in das Forum &#8222;Schall und Rauch&#8220; hinweisen.<br \/>\nLaut den vorliegenden Unterlagen und Ausdrucken wurde\u00a0von Ihnen\u00a0folgender Hinweis eingestellt:<br \/>\n&#8222;&#8230;Erinnerung: Pr\u00fcgelglatze: Die Pr\u00fcgelglatze ist vom BFE &#8230; Pr\u00fcgelglatze wieder im Einsatz &#8230; Polizei&#8230;&#8220;<\/span><br \/>\n<span style=\"font-size: small;\">Es wird dabei auf den gesch\u00e4digten Polizeibeamten Dirk M\u00fcller hingewiesen, der auf einem Foto mit &#8222;eingeschw\u00e4rzten&#8220; Augen und dem Text &#8222;BLACK BULL verteilt Pr\u00fcgel&#8220; abgebildet wurde.<\/span><\/span><br \/>\n<strong><span style=\"text-decoration: underline;\">Vermerk:<\/span><\/strong><\/em><\/span><br \/>\n<em><span style=\"color: #0000ff;\">Laut Ihrer telefonischen \u00c4u\u00dferung m\u00f6chten\u00a0Sie\u00a0sich nach dem Erhalt meines &#8222;email-Schreibens&#8220; entscheiden, ob Sie eine Stellungnahme zur\u00fccksenden\u00a0wollen oder ob Sie von Ihrem Recht Gebrauch machen wollen, nicht auszusagen und die Mitteilung der Staatsanwaltschaft Stuttgart \u00fcber den Ausgang des Verfahrens abwarten werden.<\/span><\/em><\/span><\/p>\nngg_shortcode_2_placeholder\n<p>Nat\u00fcrlich habe ich keine weitere Stellungnahme dazu abgegeben. Warum auch?!<br \/>\nZum einen ist &#8222;Pr\u00fcgelglatze&#8220; keine Beleidigung und zum anderen hatte ich in diesem tweet lediglich zitiert und nicht mehr. Dazu kommt, da\u00df &#8222;Pr\u00fcgelglatze&#8220; eine Person des \u00f6ffentlichen Interesses geworden ist und daher auch unter diesem Namen bekannt wurde und so auch benannt werden kann.<\/p>\n<p>ngg_shortcode_3_placeholderLange h\u00f6rte ich dann nichts mehr davon und verga\u00df diese witzige Geschichte bis ich am 5. Juni 2012 dann Post vom Landgericht Stuttgart bekam. Dieses teilte mir in einem &#8222;Massenbogen&#8220; per Kreuzchen mit das das Ermittlungsverfahren gegen mich eingestellt worden w\u00e4re.<br \/>\nDas hat mich dann zum einen echt gefreut, zum anderen h\u00e4tte ich aber auch gerne diesen Witz ernsthaft verhandeln lassen.<\/p>\n<p>Auf jeden Fall sah man hier mal wieder wie irrsinnig die Polizei und Staatsanwaltschaft hinter Stuttgart 21 Gegnern her ist und dabei jeglichen Bezug zur Realit\u00e4t verloren zu haben scheint.<br \/>\nngg_shortcode_4_placeholder<\/p>\n<\/div>\n","protected":false},"excerpt":{"rendered":"<p>Nun ist es schon wieder zwei Jahre her; Wie die Zeit vergeht. doch die Wunden sind noch tief. Vom Schlo\u00dfgarten ist nichts mehr zu sehen &#8211; Von Stuttgart 21 aber ebenso wenig.<\/p>\n","protected":false},"author":1,"featured_media":0,"comment_status":"open","ping_status":"open","sticky":false,"template":"","format":"standard","meta":{"ngg_post_thumbnail":0,"jetpack_post_was_ever_published":false,"_jetpack_newsletter_access":"","_jetpack_dont_email_post_to_subs":false,"_jetpack_newsletter_tier_id":0,"_jetpack_memberships_contains_paywalled_content":false,"_jetpack_memberships_contains_paid_content":false,"footnotes":"","jetpack_publicize_message":"","jetpack_publicize_feature_enabled":true,"jetpack_social_post_already_shared":false,"jetpack_social_options":{"image_generator_settings":{"template":"highway","default_image_id":0,"font":"","enabled":false},"version":2}},"categories":[1],"tags":[34,70,3],"class_list":["post-1578","post","type-post","status-publish","format-standard","hentry","category-allgemein","tag-schlosgarten","tag-schwarzer-donnerstag","tag-stuttgart21"],"jetpack_publicize_connections":[],"jetpack_featured_media_url":"","jetpack_shortlink":"https:\/\/wp.me\/p1EwkB-ps","jetpack_sharing_enabled":true,"_links":{"self":[{"href":"https:\/\/dietenberger.de\/blog\/wp-json\/wp\/v2\/posts\/1578","targetHints":{"allow":["GET"]}}],"collection":[{"href":"https:\/\/dietenberger.de\/blog\/wp-json\/wp\/v2\/posts"}],"about":[{"href":"https:\/\/dietenberger.de\/blog\/wp-json\/wp\/v2\/types\/post"}],"author":[{"embeddable":true,"href":"https:\/\/dietenberger.de\/blog\/wp-json\/wp\/v2\/users\/1"}],"replies":[{"embeddable":true,"href":"https:\/\/dietenberger.de\/blog\/wp-json\/wp\/v2\/comments?post=1578"}],"version-history":[{"count":10,"href":"https:\/\/dietenberger.de\/blog\/wp-json\/wp\/v2\/posts\/1578\/revisions"}],"predecessor-version":[{"id":1588,"href":"https:\/\/dietenberger.de\/blog\/wp-json\/wp\/v2\/posts\/1578\/revisions\/1588"}],"wp:attachment":[{"href":"https:\/\/dietenberger.de\/blog\/wp-json\/wp\/v2\/media?parent=1578"}],"wp:term":[{"taxonomy":"category","embeddable":true,"href":"https:\/\/dietenberger.de\/blog\/wp-json\/wp\/v2\/categories?post=1578"},{"taxonomy":"post_tag","embeddable":true,"href":"https:\/\/dietenberger.de\/blog\/wp-json\/wp\/v2\/tags?post=1578"}],"curies":[{"name":"wp","href":"https:\/\/api.w.org\/{rel}","templated":true}]}}