{"id":1554,"date":"2012-09-13T16:08:51","date_gmt":"2012-09-13T14:08:51","guid":{"rendered":"http:\/\/dietenberger.de\/blog\/?p=1554"},"modified":"2012-09-13T16:14:09","modified_gmt":"2012-09-13T14:14:09","slug":"volker-hort-die-signale","status":"publish","type":"post","link":"https:\/\/dietenberger.de\/blog\/2012\/09\/13\/volker-hort-die-signale\/","title":{"rendered":"V\u00f6lker h\u00f6rt die Signale!"},"content":{"rendered":"<p>In den vergangenen zwei, drei Jahren flammt in der ganzen Welt wieder vermehrt der Widerstand gegen Geld und Macht auf! Das Fa\u00df ist voll und die Menschen lassen sich nicht noch viel l\u00e4nger so wie bisher ausbeuten! Die verschiedenen Bewegeungen wie zum Beispiel die Occupy-Bewegung zeigen uns das immer mehr.<br \/>\n<!--more--><br \/>\nAuch vor gut 100 Jahren war solch ein Aufbruch zu sp\u00fcren: Daraus entstand unter anderem die Hymne der Arbeiterbewegung schlechthin und wird seither bei sozialisten Weltweit gesungen.<br \/>\nVielleicht sollten wir mal wieder genau auf den Text schauen und danach handeln&#8230;<\/p>\n<blockquote>\n<p align=\"left\"><em><span style=\"font-family: Verdana; font-size: xx-small;\">Doch keine Polizeischikanen k\u00f6nnen verhindern, da\u00df in allen gro\u00dfen St\u00e4dten der Welt, in allen Arbeitersiedlungen und immer h\u00e4ufiger auch in den Katen der Landarbeiter einhellig das proletarische Lied von der nahen Befreiung der Menschheit aus der Lohnsklaverei erklingt.<\/span><\/em><br \/>\n<span style=\"font-family: Verdana; font-size: xx-small;\">W.I.Lenin, 1913<\/span><\/p>\n<\/blockquote>\n<p style=\"text-align: left;\" align=\"center\"><span style=\"font-family: Verdana; font-size: small;\">Wacht auf, verdammte dieser Erde, die stets man noch zum Hungern zwingt! Das Recht wie Glut im Kraterherde nun mit Macht zum Durchbruch dringt. Reinen Tisch macht mit dem Bedr\u00e4nger! Heer der Sklaven, wache auf! Ein Nichts zu sein, tragt es nicht l\u00e4nger, alles zu werden, st\u00f6rmt zuhauf.<\/span><\/p>\n<p style=\"text-align: left;\" align=\"center\"><span style=\"font-family: Verdana; font-size: small;\"><strong>V\u00f6lker, h\u00f6rt die Signale! Auf, zum letzten Gefecht! Die Internationale erk\u00e4mpft das Menschenrecht! V\u00f6lker, h\u00f6rt die Signale! Auf, zum letzten Gefecht! Die Internationale erk\u00e4mpft das Menschenrecht. <\/strong><\/span><\/p>\n<p style=\"text-align: left;\" align=\"center\"><span style=\"font-family: Verdana; font-size: small;\">Es rettet uns kein h\u00f6\u00b4hres Wesen, kein Gott, kein Kaiser, noch Tribun. Uns aus dem Elend zu erl\u00f6sen, k\u00f6nnen wir nur selber tun! Leeres Wort: des Armen Rechte! Leeres Wort: des Reichen Pflicht! Unm\u00fcndig nennt man uns und Knechte, duldet die Schmach nun l\u00e4nger nicht! <\/span><\/p>\n<p style=\"text-align: left;\" align=\"center\"><span style=\"font-family: Verdana; font-size: small;\"><strong>V\u00f6lker, h\u00f6rt die Signale! Auf, zum letzten Gefecht! Die Internationale erk\u00e4mpft das Menschenrecht! V\u00f6lker, h\u00f6rt die Signale! Auf, zum letzten Gefecht! Die Internationale erk\u00e4mpft das Menschenrecht.<\/strong><\/span><\/p>\n<p style=\"text-align: left;\" align=\"center\"><span style=\"font-family: Verdana; font-size: small;\">In Stadt und Land, ihr Arbeitsleute, wir sind die st\u00e4rkste der Partei\u00b4n. Die M\u00fc\u00dfiggnger schiebt beiseite! Diese Welt wird unser sein; unser Blut sei nicht mehr der Raben und der n\u00e4cht\u00b4gen Geier Fra\u00df! Erst wenn wir sie vertrieben haben, V\u00f6lker, h\u00f6rt die Signale! Auf, zum letzten Gefecht! Die Internationale erk\u00e4mpft das Menschenrecht!<\/span><\/p>\n<p style=\"text-align: left;\" align=\"center\"><span style=\"font-family: Verdana; font-size: small;\"><strong>V\u00f6lker, h\u00f6rt die Signale! Auf, zum letzten Gefecht! Die Internationale erk\u00e4mpft das Menschenrecht. <\/strong><\/span><\/p>\n<p align=\"left\">Musik: <span style=\"font-family: Verdana; font-size: small;\">Eugen Portier<\/span><br \/>\n<a href=\"http:\/\/www.hymn.ru\/internationale\/index-en.html\" rel=\"nofollow\" target=\"_blank\">Die Internationale in 48 Sprachen als MP3<\/a><\/p>\n","protected":false},"excerpt":{"rendered":"<p>In den vergangenen zwei, drei Jahren flammt in der ganzen Welt wieder vermehrt der Widerstand gegen Geld und Macht auf! Das Fa\u00df ist voll und die Menschen lassen sich nicht noch viel l\u00e4nger so wie bisher ausbeuten! Die verschiedenen Bewegeungen wie zum Beispiel die Occupy-Bewegung zeigen uns das immer mehr.<\/p>\n","protected":false},"author":1,"featured_media":0,"comment_status":"open","ping_status":"open","sticky":false,"template":"","format":"standard","meta":{"ngg_post_thumbnail":0,"jetpack_post_was_ever_published":false,"_jetpack_newsletter_access":"","_jetpack_dont_email_post_to_subs":false,"_jetpack_newsletter_tier_id":0,"_jetpack_memberships_contains_paywalled_content":false,"_jetpack_memberships_contains_paid_content":false,"footnotes":"","jetpack_publicize_message":"","jetpack_publicize_feature_enabled":true,"jetpack_social_post_already_shared":false,"jetpack_social_options":{"image_generator_settings":{"template":"highway","default_image_id":0,"font":"","enabled":false},"version":2}},"categories":[1],"tags":[],"class_list":["post-1554","post","type-post","status-publish","format-standard","hentry","category-allgemein"],"jetpack_publicize_connections":[],"jetpack_featured_media_url":"","jetpack_shortlink":"https:\/\/wp.me\/p1EwkB-p4","jetpack_sharing_enabled":true,"_links":{"self":[{"href":"https:\/\/dietenberger.de\/blog\/wp-json\/wp\/v2\/posts\/1554","targetHints":{"allow":["GET"]}}],"collection":[{"href":"https:\/\/dietenberger.de\/blog\/wp-json\/wp\/v2\/posts"}],"about":[{"href":"https:\/\/dietenberger.de\/blog\/wp-json\/wp\/v2\/types\/post"}],"author":[{"embeddable":true,"href":"https:\/\/dietenberger.de\/blog\/wp-json\/wp\/v2\/users\/1"}],"replies":[{"embeddable":true,"href":"https:\/\/dietenberger.de\/blog\/wp-json\/wp\/v2\/comments?post=1554"}],"version-history":[{"count":4,"href":"https:\/\/dietenberger.de\/blog\/wp-json\/wp\/v2\/posts\/1554\/revisions"}],"predecessor-version":[{"id":1558,"href":"https:\/\/dietenberger.de\/blog\/wp-json\/wp\/v2\/posts\/1554\/revisions\/1558"}],"wp:attachment":[{"href":"https:\/\/dietenberger.de\/blog\/wp-json\/wp\/v2\/media?parent=1554"}],"wp:term":[{"taxonomy":"category","embeddable":true,"href":"https:\/\/dietenberger.de\/blog\/wp-json\/wp\/v2\/categories?post=1554"},{"taxonomy":"post_tag","embeddable":true,"href":"https:\/\/dietenberger.de\/blog\/wp-json\/wp\/v2\/tags?post=1554"}],"curies":[{"name":"wp","href":"https:\/\/api.w.org\/{rel}","templated":true}]}}