{"id":122,"date":"2011-07-13T14:28:56","date_gmt":"2011-07-13T12:28:56","guid":{"rendered":"http:\/\/dietenberger.de\/blog\/?p=122"},"modified":"2011-07-13T20:04:20","modified_gmt":"2011-07-13T18:04:20","slug":"der-stuttgarter-mutburger","status":"publish","type":"post","link":"https:\/\/dietenberger.de\/blog\/2011\/07\/13\/der-stuttgarter-mutburger\/","title":{"rendered":"Der Stuttgarter Mutb\u00fcrger"},"content":{"rendered":"<p>In den Medien ist,\u00a0wenn es um Protest, Aufstand oder \u00e4hnliches geht, seit vergangenem Jahr immer wieder vom Wutb\u00fcrger die Rede. <a href=\"https:\/\/i0.wp.com\/dietenberger.de\/blog\/wp-content\/uploads\/2011\/07\/kp1h.jpg?ssl=1\"><img data-recalc-dims=\"1\" loading=\"lazy\" decoding=\"async\" data-attachment-id=\"131\" data-permalink=\"https:\/\/dietenberger.de\/blog\/2011\/07\/13\/der-stuttgarter-mutburger\/kp1h\/\" data-orig-file=\"https:\/\/i0.wp.com\/dietenberger.de\/blog\/wp-content\/uploads\/2011\/07\/kp1h.jpg?fit=640%2C480&amp;ssl=1\" data-orig-size=\"640,480\" data-comments-opened=\"1\" data-image-meta=\"{&quot;aperture&quot;:&quot;0&quot;,&quot;credit&quot;:&quot;&quot;,&quot;camera&quot;:&quot;&quot;,&quot;caption&quot;:&quot;&quot;,&quot;created_timestamp&quot;:&quot;0&quot;,&quot;copyright&quot;:&quot;&quot;,&quot;focal_length&quot;:&quot;0&quot;,&quot;iso&quot;:&quot;0&quot;,&quot;shutter_speed&quot;:&quot;0&quot;,&quot;title&quot;:&quot;&quot;}\" data-image-title=\"kp1h\" data-image-description=\"\" data-image-caption=\"\" data-large-file=\"https:\/\/i0.wp.com\/dietenberger.de\/blog\/wp-content\/uploads\/2011\/07\/kp1h.jpg?fit=625%2C469&amp;ssl=1\" class=\"alignright size-thumbnail wp-image-131\" title=\"Mutb\u00fcrger auf einer Montagsdemo\" src=\"https:\/\/i0.wp.com\/dietenberger.de\/blog\/wp-content\/uploads\/2011\/07\/kp1h.jpg?resize=150%2C150&#038;ssl=1\" alt=\"Mutb\u00fcrger auf einer Montagsdemo\" width=\"150\" height=\"150\" srcset=\"https:\/\/i0.wp.com\/dietenberger.de\/blog\/wp-content\/uploads\/2011\/07\/kp1h.jpg?resize=150%2C150&amp;ssl=1 150w, https:\/\/i0.wp.com\/dietenberger.de\/blog\/wp-content\/uploads\/2011\/07\/kp1h.jpg?zoom=2&amp;resize=150%2C150&amp;ssl=1 300w, https:\/\/i0.wp.com\/dietenberger.de\/blog\/wp-content\/uploads\/2011\/07\/kp1h.jpg?zoom=3&amp;resize=150%2C150&amp;ssl=1 450w\" sizes=\"auto, (max-width: 150px) 100vw, 150px\" \/><\/a>Dabei ist dieses Wort eine reine Wortsch\u00f6pfung der Presse und wurde zuvor niemals in Bewegungen, B\u00fcndnissen etc. verwendet. Das Wort &#8222;<a href=\"http:\/\/www.tagesschau.de\/inland\/wortdesjahres106.html\" target=\"_blank\">Wutb\u00fcrger<\/a>&#8220; haben wir ganz allein der deutschen Gesellschaft f\u00fcr Sprache (GfdS) zu verdanken die diese Wortsch\u00f6pfung zum <a href=\"http:\/\/www.gfds.de\/aktionen\/wort-des-jahres\/wort-des-jahres-2010\/platz-1\/\" target=\"_blank\">Wort des Jahres 2010<\/a> w\u00e4hlte.<br \/>\nMeiner Meinung nach ist &#8222;Wutb\u00fcrger&#8220; eher abwertend, da mit Wut mei\u00dft Zorn und negative Gef\u00fchle verbunden sind. Deshalb spreche ich in diesem Zusammenhang lieber vom Mutb\u00fcrger. Es verlangt viel Courage seine Anliegen, seine Meinungen zu vertreten und sich gegen Unrecht zu wehren.<\/p>\n<p><!--more--><strong>Wer ist dieser Stuttgarter Mutb\u00fcrger?<\/strong><br \/>\nMit dieser Frage besch\u00e4ftigte sich vor einem Jahr haupts\u00e4chlich die Polizei, aber auch die Bahn sowie die Presse. Sie alle standen vor einer ihnen v\u00f6llig unbekannten Situation und konnten diese auch \u00fcberhaupt nicht einordnen.<br \/>\nBisher war die Schublade &#8222;Protest&#8220; mit den \u00fcblichen Verd\u00e4chtigen belegt: Langhaarige, b\u00e4rtige, Punks, Linke, Schwarzer Block, usw.<br \/>\nAber genau das macht Stuttgarts Mutb\u00fcrger nicht aus! Egal ob bei Veranstaltungen, Demos, Kundgebungen oder Blockaden sind B\u00fcrger aller Couleur dabei. Von der jungen Familie die mit ihrem Kinderwagen dabei ist, \u00fcber die normale Kassiererin an der Kasse bis hin zu Top Managern in ihren Anz\u00fcgen oder Rentnern ist eben in Stuttgart alles zwischen 0 und 99 auf den Beinen wenn es hei\u00dft gegen Stuttgart 21 zu protestieren.<\/p>\n<p><strong>Was ver\u00e4ndert dieser Stuttgarter Mutb\u00fcrger in Deutschland?<\/strong><br \/>\nDie Bewegung gegen Stuttgart 21 hat Stuttgart, ja hat Deutschland ver\u00e4ndert! Es vergeht heute keine Woche in der die Presse nicht mindestens \u00fcber ein Projekt irgendwo in Deutschland berichtet wo darauf hingewiesen wird das es kein Stuttgart 21 geben soll. Allein das ist es schon Wert gewesen sich zu erheben und etwas zu ver\u00e4ndern. In Deutschland ist man wieder sensibilisiert und akzeptiert nicht mehr automatisch alles was &#8222;von oben&#8220; herab entschieden wird. Der B\u00fcrger m\u00f6chte nach 60 Jahren endlich mehr mitbestimmen! unsere heutige Demokratieform wurde damals so gew\u00e4hlt um Entscheidungen von &#8222;gebildeten&#8220; Menschen machen zu lassen; um nicht mehr in \u00e4hnliche Situationen zu gelangen die zur NS-Herrschaft f\u00fchrten. Aus damaliger Sicht sicherlich auch gar nicht so falsch gewesen. Wir leben heute aber in einer anderen, einer aufgekl\u00e4rteren Welt. Der B\u00fcrger heute kann sich sehr wohl selbst eine Meinung bilden. Er kann sich heute auf solch vielfache Weise informieren wie es damals nicht m\u00f6glich war. Der B\u00fcrger ist es leid alles vorgekaut zu bekommen und nur alle X-Jahre einmal nach seiner Stimme gefragt zu werden. Er ist es leid dazwischen mehr oder weniger seine Stimme, quasi als Generalvollmacht, einer Partei in Verantwortung abzugeben. Er will zu Dingen die gro\u00dfe Einfl\u00fc\u00dfe auf sein Leben, sein Tun und Handeln haben mitbestimmen! Dieses Recht fordert der Mutb\u00fcrger nun ein.<\/p>\n<p><strong>Was ver\u00e4ndert dieser Stuttgarter Mutb\u00fcrger in Stuttgart?<br \/>\n<\/strong>In Stuttgart sind die Auswirkungen noch viel st\u00e4rker zu sp\u00fcren.<br \/>\nDer Stuttgarter ist unbewusst in seinen Wurzeln sehr stark vom <a href=\"http:\/\/www.petermangold.de\/pietismus.htm\" target=\"_blank\">Pietismus<\/a> gepr\u00e4gt. Eher in sich gekehrt, verschlossen, stark in Cliquen unterwegs, ich-bezogen und eher <a href=\"http:\/\/de.wikipedia.org\/wiki\/Obrigkeit\" target=\"_blank\">Obrigkeitsh\u00f6rig<\/a>, was man auch an <a href=\"http:\/\/youtu.be\/i3CEpI9C26g\" target=\"_blank\">58 Jahren CDU-Herrschaft<\/a> sehen konnte. Doch genau dieses Blatt hat sich durch die Bewegung um 180 grad gedreht. Pl\u00f6tzlich gibt es in der ganzen Stadt ein Wir-Gef\u00fchl, Man spricht in der Stra\u00dfenbahn mit wildfremden Leuten nur weil sie den selben Button tragen, man zeigt nach au\u00dfen wenn man sich freut und feiert. Das mag sich zum Beispiel f\u00fcr einen K\u00f6lner normal anh\u00f6ren, doch f\u00fcr Stuttgarter ist das eine ganz neue Welt. Vor allem aber haben die Stuttgarter dadurch gemerkt das man zusammen stark ist und Dinge bewegen kann. Das man seine Stadt aktiv mitgestalten kann und nicht nur Zuschauer dabei sein mu\u00df.<br \/>\n\u00dcber diese Bewegung haben sich &#8222;<a href=\"http:\/\/de.wikipedia.org\/wiki\/Klasse_%28Soziologie%29\" target=\"_blank\">Schichten<\/a>&#8220; vermischt. Der sonst Tennis spielende Doktor h\u00e4ngt bei einem Event bei den <a href=\"http:\/\/stuttgart.prinz.de\/stadt\/locations\/waggons-weitere-kultur-stadtleben,385169,1,LocationFinder.html\" target=\"_blank\">Waggons <\/a>ab, Der Punk h\u00f6rt sich <a href=\"http:\/\/www.parkschuetzer.de\/termine\/71\" target=\"_blank\">im Park klassische Musik<\/a> an, etc. pp. Es haben sich Interessengruppen gebildet die nun von sich gegenseitig profitieren k\u00f6nnen. Dabei geht es von den <a href=\"http:\/\/www.juristen-zu-stuttgart21.de\/\" target=\"_blank\">Juristen zu Stuttgart 21<\/a> \u00fcber die <a href=\"http:\/\/www.gegenlicht21.de\/\" target=\"_blank\">Fotografen gegen Stuttgart 21<\/a>, <a href=\"http:\/\/s21-christen-sagen-nein.org\/\" target=\"_blank\">Christen gegen Stuttgart 21<\/a>, <a href=\"http:\/\/www.unternehmer-gegen-s21.de\/\" target=\"_blank\">Unternehmer gegen Stuttgart 21<\/a>, <a href=\"http:\/\/www.ingenieure22.de\/\" target=\"_blank\">Ingenieure gegen Stuttgart 21<\/a>, usw. bis hin zur unabh\u00e4ngigen Zeitung <a href=\"http:\/\/21einundzwanzig.de\/\" target=\"_blank\">einundzwanzig<\/a>. Dieses geb\u00fcndelte Know How macht uns jetzt in der Bewegung gegen Stuttgart 21 stark und wird aber auch nach der Beerdigung des Wahnsinnsprojektes noch lange weiterbestehen und viel im Sinne einer B\u00fcrgerstadt bewegen. Kleine, erste Ver\u00e4nderungen sind heute schon zu sehen. unter anderem gibt es nun erstmals einen <a href=\"https:\/\/www.buergerhaushalt-stuttgart.de\/\" target=\"_blank\">B\u00fcrgerhaushalt<\/a>.<\/p>\n<p>Au\u00dferdem glaube ich, ist die Bewegung gegen Stuttgart 21 die erste B\u00fcrgerbewegung \u00fcber die schon w\u00e4hrend ihres schaffens in Museen dazu eifrig gesammelt und dokumentiert wird.<\/p>\n<p>Auch was den Umfang und Beharrlichkeit der Bewegung anbelangt werden und wurden neue Ma\u00dfst\u00e4be gesetzt: <a href=\"http:\/\/www.bei-abriss-aufstand.de\/2011\/07\/05\/17-7-2010-17-7-2011-wir-feiern-1-jahr-mahnwache\/\" target=\"_blank\">die l\u00e4ngste dauerbesetzte Mahnwache Deutschlands<\/a>, \u00fcber 80 Montagsdemonstrationen, Widerstand im Web 2.0 etabliert, etc&#8230;<\/p>\n<p>Ja der Stuttgarter hat und zeigt Mut!<br \/>\nSo gesehen ist er tats\u00e4chlich ein wahrer Mutb\u00fcrger!<\/p>\n","protected":false},"excerpt":{"rendered":"<p>In den Medien ist,\u00a0wenn es um Protest, Aufstand oder \u00e4hnliches geht, seit vergangenem Jahr immer wieder vom Wutb\u00fcrger die Rede. Dabei ist dieses Wort eine reine Wortsch\u00f6pfung der Presse und wurde zuvor niemals in Bewegungen, B\u00fcndnissen etc. verwendet. Das Wort &#8222;Wutb\u00fcrger&#8220; haben wir ganz allein der deutschen Gesellschaft f\u00fcr Sprache (GfdS) zu verdanken die diese [&hellip;]<\/p>\n","protected":false},"author":1,"featured_media":0,"comment_status":"open","ping_status":"open","sticky":false,"template":"","format":"standard","meta":{"ngg_post_thumbnail":0,"jetpack_post_was_ever_published":false,"_jetpack_newsletter_access":"","_jetpack_dont_email_post_to_subs":false,"_jetpack_newsletter_tier_id":0,"_jetpack_memberships_contains_paywalled_content":false,"_jetpack_memberships_contains_paid_content":false,"footnotes":"","jetpack_publicize_message":"","jetpack_publicize_feature_enabled":true,"jetpack_social_post_already_shared":false,"jetpack_social_options":{"image_generator_settings":{"template":"highway","default_image_id":0,"font":"","enabled":false},"version":2}},"categories":[1],"tags":[24,28,29,14,3],"class_list":["post-122","post","type-post","status-publish","format-standard","hentry","category-allgemein","tag-bahn","tag-demokratie","tag-mitbestimmung","tag-stuttgart","tag-stuttgart21"],"jetpack_publicize_connections":[],"jetpack_featured_media_url":"","jetpack_shortlink":"https:\/\/wp.me\/p1EwkB-1Y","jetpack_sharing_enabled":true,"_links":{"self":[{"href":"https:\/\/dietenberger.de\/blog\/wp-json\/wp\/v2\/posts\/122","targetHints":{"allow":["GET"]}}],"collection":[{"href":"https:\/\/dietenberger.de\/blog\/wp-json\/wp\/v2\/posts"}],"about":[{"href":"https:\/\/dietenberger.de\/blog\/wp-json\/wp\/v2\/types\/post"}],"author":[{"embeddable":true,"href":"https:\/\/dietenberger.de\/blog\/wp-json\/wp\/v2\/users\/1"}],"replies":[{"embeddable":true,"href":"https:\/\/dietenberger.de\/blog\/wp-json\/wp\/v2\/comments?post=122"}],"version-history":[{"count":12,"href":"https:\/\/dietenberger.de\/blog\/wp-json\/wp\/v2\/posts\/122\/revisions"}],"predecessor-version":[{"id":136,"href":"https:\/\/dietenberger.de\/blog\/wp-json\/wp\/v2\/posts\/122\/revisions\/136"}],"wp:attachment":[{"href":"https:\/\/dietenberger.de\/blog\/wp-json\/wp\/v2\/media?parent=122"}],"wp:term":[{"taxonomy":"category","embeddable":true,"href":"https:\/\/dietenberger.de\/blog\/wp-json\/wp\/v2\/categories?post=122"},{"taxonomy":"post_tag","embeddable":true,"href":"https:\/\/dietenberger.de\/blog\/wp-json\/wp\/v2\/tags?post=122"}],"curies":[{"name":"wp","href":"https:\/\/api.w.org\/{rel}","templated":true}]}}